{"id":2909,"date":"2010-04-13T10:24:42","date_gmt":"2010-04-13T09:24:42","guid":{"rendered":"http:\/\/www.willizblog.de\/?p=2909"},"modified":"2010-04-13T10:27:49","modified_gmt":"2010-04-13T09:27:49","slug":"krebs-tagebuch-eines-angehorigen-1","status":"publish","type":"post","link":"https:\/\/willizblog.de\/?p=2909","title":{"rendered":"Krebs-Tagebuch eines Angeh\u00f6rigen (1)"},"content":{"rendered":"<p>Keine Angst: Ich will hier in diesem Tagebuch einer <a href=\"https:\/\/de.wikipedia.org\/wiki\/Krebs_(Medizin)\" target=\"_blank\">Krebserkrankung<\/a> nicht bis ins letzte Detail gehen und damit andere Leidtragende qu\u00e4len. Wer selbst betroffen ist, ob als Erkrankter oder als Angeh\u00f6riger oder Freund, braucht Mut und Zuspruch. Aber gerade dann, wenn man die verh\u00e4ngnisvolle Diagnose erf\u00e4hrt, stellen sich Fragen, die an allen Beteiligten nagen.<\/p>\n<p><em>Ein Schock bleibt es erst einmal. Auch die Frage, warum meine Frau (und warum nicht ich?). Zun\u00e4chst war ich wie vor den Kopf geschlagen, sprachlos. Ich wei\u00df nicht genau, wie es meiner Frau ging, als sie es erfahren musste. Wir versuchen es mit Fassung zu tragen. Aber es bleibt eine Ungewissheit, wie sie nun einmal bei einer so heimt\u00fcckischen Krankheit wie Krebs bleiben muss: wird alles am Ende wirklich gut? Wir k\u00f6nnen alle nur hoffen, dass es gut wird. Und die Ungewissheit nagt an einem, weil einem irgendwie das Heft aus den Hand zu gleiten droht, man nicht mehr Herr seines Schicksals ist.<\/em><\/p>\n<p>Warum gebe ich einer Krankheit eine menschliche Eigenschaft: heimt\u00fcckisch? Immerhin spricht man bei einem Krebsgeschwulst von einem malignen, also b\u00f6sartigen Tumor. Heimt\u00fcckisch deshalb, weil die Krankheit so \u201aunberechenbar\u2019 ist, bei der K\u00f6rperzellen unkontrolliert wachsen, sich teilen und gesundes Gewebe verdr\u00e4ngen und zerst\u00f6ren k\u00f6nnen. Und glaubt man, die Krankheit besiegt zu haben, so k\u00f6nnen sich doch so genannte Metastasen, also Tochtertumore, an anderer Stelle gebildet haben. Und heimt\u00fcckisch, weil vieles rund um die Krebserkrankung noch im Dunklen liegt und nicht bis ins Kleinste erforscht ist. Viele Annahmen beruhen auf Theorie.<\/p>\n<p>Heute Nachmittag f\u00e4hrt meine Frau nach Buchholz ins Krankenhaus zum Gespr\u00e4ch und zur weiteren Untersuchung durch den <a href=\"https:\/\/de.wikipedia.org\/wiki\/Onkologie\" target=\"_blank\">Onkologen<\/a>. Heute wird auch der Termin ausgemacht, wann der Brustkrebs meiner Frau operiert wird. Und alle weiteren Details zur anschlie\u00dfenden Chemotherapie. Der Kampf gegen den Krebs hat begonnen.<\/p>\n","protected":false},"excerpt":{"rendered":"<p>Keine Angst: Ich will hier in diesem Tagebuch einer Krebserkrankung nicht bis ins letzte Detail gehen und damit andere Leidtragende qu\u00e4len. Wer selbst betroffen ist, ob als Erkrankter oder als Angeh\u00f6riger oder Freund, braucht Mut und Zuspruch. Aber gerade dann, wenn man die verh\u00e4ngnisvolle Diagnose erf\u00e4hrt, stellen sich Fragen, die an allen Beteiligten nagen. Ein &hellip; <a href=\"https:\/\/willizblog.de\/?p=2909\" class=\"more-link\"><span class=\"screen-reader-text\">Krebs-Tagebuch eines Angeh\u00f6rigen (1)<\/span> weiterlesen <span class=\"meta-nav\">&rarr;<\/span><\/a><\/p>\n","protected":false},"author":1,"featured_media":0,"comment_status":"open","ping_status":"open","sticky":false,"template":"","format":"standard","meta":[],"categories":[66],"tags":[],"_links":{"self":[{"href":"https:\/\/willizblog.de\/index.php?rest_route=\/wp\/v2\/posts\/2909"}],"collection":[{"href":"https:\/\/willizblog.de\/index.php?rest_route=\/wp\/v2\/posts"}],"about":[{"href":"https:\/\/willizblog.de\/index.php?rest_route=\/wp\/v2\/types\/post"}],"author":[{"embeddable":true,"href":"https:\/\/willizblog.de\/index.php?rest_route=\/wp\/v2\/users\/1"}],"replies":[{"embeddable":true,"href":"https:\/\/willizblog.de\/index.php?rest_route=%2Fwp%2Fv2%2Fcomments&post=2909"}],"version-history":[{"count":0,"href":"https:\/\/willizblog.de\/index.php?rest_route=\/wp\/v2\/posts\/2909\/revisions"}],"wp:attachment":[{"href":"https:\/\/willizblog.de\/index.php?rest_route=%2Fwp%2Fv2%2Fmedia&parent=2909"}],"wp:term":[{"taxonomy":"category","embeddable":true,"href":"https:\/\/willizblog.de\/index.php?rest_route=%2Fwp%2Fv2%2Fcategories&post=2909"},{"taxonomy":"post_tag","embeddable":true,"href":"https:\/\/willizblog.de\/index.php?rest_route=%2Fwp%2Fv2%2Ftags&post=2909"}],"curies":[{"name":"wp","href":"https:\/\/api.w.org\/{rel}","templated":true}]}}