{"id":291,"date":"2005-11-11T14:00:10","date_gmt":"2005-11-11T13:00:10","guid":{"rendered":"http:\/\/www.albinz.de\/blog\/?p=291"},"modified":"2005-11-10T14:25:26","modified_gmt":"2005-11-10T13:25:26","slug":"du-bist-frankreich","status":"publish","type":"post","link":"https:\/\/willizblog.de\/?p=291","title":{"rendered":"Du bist Frankreich"},"content":{"rendered":"<p>Du bist <del>Deutschland<\/del> Frankreich?! Manche <a href=\"http:\/\/www.du-bist-deutschland.de\/\" target=\"_blank\">Kampagnen<\/a> ziehen so ihre Kreise und inspirieren zu gedanklich d\u00fcnnfl\u00fcssigen Ausfl\u00fcssen.<\/p>\n<ul><img src=\"https:\/\/www.willizblog.de\/albpics\/du_bist_frankreich.jpg\" alt=\"Du bist ... ein Esel\" \/><\/ul>\n<p><em>Du bist ich und ich bin du &#8230;<br \/>\nM\u00fcllers Esel &#8211; der bist du!<br \/>\nAlso bin auch ich ein Esel?!<\/em><\/p>\n","protected":false},"excerpt":{"rendered":"<p>Du bist Deutschland Frankreich?! Manche Kampagnen ziehen so ihre Kreise und inspirieren zu gedanklich d\u00fcnnfl\u00fcssigen Ausfl\u00fcssen. Du bist ich und ich bin du &#8230; M\u00fcllers Esel &#8211; der bist du! Also bin auch ich ein Esel?!<\/p>\n","protected":false},"author":1,"featured_media":0,"comment_status":"closed","ping_status":"closed","sticky":false,"template":"","format":"standard","meta":[],"categories":[2],"tags":[],"_links":{"self":[{"href":"https:\/\/willizblog.de\/index.php?rest_route=\/wp\/v2\/posts\/291"}],"collection":[{"href":"https:\/\/willizblog.de\/index.php?rest_route=\/wp\/v2\/posts"}],"about":[{"href":"https:\/\/willizblog.de\/index.php?rest_route=\/wp\/v2\/types\/post"}],"author":[{"embeddable":true,"href":"https:\/\/willizblog.de\/index.php?rest_route=\/wp\/v2\/users\/1"}],"replies":[{"embeddable":true,"href":"https:\/\/willizblog.de\/index.php?rest_route=%2Fwp%2Fv2%2Fcomments&post=291"}],"version-history":[{"count":0,"href":"https:\/\/willizblog.de\/index.php?rest_route=\/wp\/v2\/posts\/291\/revisions"}],"wp:attachment":[{"href":"https:\/\/willizblog.de\/index.php?rest_route=%2Fwp%2Fv2%2Fmedia&parent=291"}],"wp:term":[{"taxonomy":"category","embeddable":true,"href":"https:\/\/willizblog.de\/index.php?rest_route=%2Fwp%2Fv2%2Fcategories&post=291"},{"taxonomy":"post_tag","embeddable":true,"href":"https:\/\/willizblog.de\/index.php?rest_route=%2Fwp%2Fv2%2Ftags&post=291"}],"curies":[{"name":"wp","href":"https:\/\/api.w.org\/{rel}","templated":true}]}}