{"id":2914,"date":"2010-04-15T11:07:21","date_gmt":"2010-04-15T10:07:21","guid":{"rendered":"http:\/\/www.willizblog.de\/?p=2914"},"modified":"2010-04-15T19:17:26","modified_gmt":"2010-04-15T18:17:26","slug":"eine-kerze-fur-opa-hermann","status":"publish","type":"post","link":"https:\/\/willizblog.de\/?p=2914","title":{"rendered":"Eine Kerze f\u00fcr Opa Hermann"},"content":{"rendered":"<p><a href=\"https:\/\/www.willizblog.de\/?p=2905\" target=\"_blank\">Ein Ungl\u00fcck<\/a> kommt selten allein, eine Hiobsbotschaft folgt der anderen: Gestern starb im gesegneten Alter von 92 Jahren <a href=\"https:\/\/www.willizblog.de\/?p=859\" target=\"_blank\">mein Vater<\/a> an den Folgen eines Herzinfarkts. Die letzten Jahre waren dabei weniger ein Segen, weder f\u00fcr den Verstorbenen, noch f\u00fcr uns Angeh\u00f6rige.<\/p>\n<p><img src=\"https:\/\/www.albinz.net\/models\/hermann90.jpg\" alt=\"Opa Hermann\" \/><\/p>\n<p>Der Tod kommt meist unverhofft. Obwohl im hohen Alter stehend gab es keine Anzeichen f\u00fcr den dann doch pl\u00f6tzlichen Tod.<\/p>\n<p>Vor unserem Haus haben wir gestern Abend noch eine Kerze entz\u00fcndet, die auch des Nachts leuchtet: Mein Vater hat nun endlich die Ruhe gefunden:<\/p>\n<p><img src=\"https:\/\/www.willizblog.de\/blogpicts\/opa_hermann_todesanzeige.gif\" alt=\"Hermann Albin \u2013 24.05.1917 \u2013 14.04.2010\" \/><\/p>\n","protected":false},"excerpt":{"rendered":"<p>Ein Ungl\u00fcck kommt selten allein, eine Hiobsbotschaft folgt der anderen: Gestern starb im gesegneten Alter von 92 Jahren mein Vater an den Folgen eines Herzinfarkts. Die letzten Jahre waren dabei weniger ein Segen, weder f\u00fcr den Verstorbenen, noch f\u00fcr uns Angeh\u00f6rige. Der Tod kommt meist unverhofft. Obwohl im hohen Alter stehend gab es keine Anzeichen &hellip; <a href=\"https:\/\/willizblog.de\/?p=2914\" class=\"more-link\"><span class=\"screen-reader-text\">Eine Kerze f\u00fcr Opa Hermann<\/span> weiterlesen <span class=\"meta-nav\">&rarr;<\/span><\/a><\/p>\n","protected":false},"author":1,"featured_media":0,"comment_status":"open","ping_status":"open","sticky":false,"template":"","format":"standard","meta":[],"categories":[66],"tags":[],"_links":{"self":[{"href":"https:\/\/willizblog.de\/index.php?rest_route=\/wp\/v2\/posts\/2914"}],"collection":[{"href":"https:\/\/willizblog.de\/index.php?rest_route=\/wp\/v2\/posts"}],"about":[{"href":"https:\/\/willizblog.de\/index.php?rest_route=\/wp\/v2\/types\/post"}],"author":[{"embeddable":true,"href":"https:\/\/willizblog.de\/index.php?rest_route=\/wp\/v2\/users\/1"}],"replies":[{"embeddable":true,"href":"https:\/\/willizblog.de\/index.php?rest_route=%2Fwp%2Fv2%2Fcomments&post=2914"}],"version-history":[{"count":0,"href":"https:\/\/willizblog.de\/index.php?rest_route=\/wp\/v2\/posts\/2914\/revisions"}],"wp:attachment":[{"href":"https:\/\/willizblog.de\/index.php?rest_route=%2Fwp%2Fv2%2Fmedia&parent=2914"}],"wp:term":[{"taxonomy":"category","embeddable":true,"href":"https:\/\/willizblog.de\/index.php?rest_route=%2Fwp%2Fv2%2Fcategories&post=2914"},{"taxonomy":"post_tag","embeddable":true,"href":"https:\/\/willizblog.de\/index.php?rest_route=%2Fwp%2Fv2%2Ftags&post=2914"}],"curies":[{"name":"wp","href":"https:\/\/api.w.org\/{rel}","templated":true}]}}