{"id":2924,"date":"2010-04-20T09:19:02","date_gmt":"2010-04-20T08:19:02","guid":{"rendered":"http:\/\/www.willizblog.de\/?p=2924"},"modified":"2010-04-20T09:19:02","modified_gmt":"2010-04-20T08:19:02","slug":"krebs-tagebuch-eines-angehorigen-4","status":"publish","type":"post","link":"https:\/\/willizblog.de\/?p=2924","title":{"rendered":"Krebs-Tagebuch eines Angeh\u00f6rigen (4)"},"content":{"rendered":"<p>Gestern wurde meine Frau im <a href=\"http:\/\/www.krankenhaus-buchholz.de\/\" target=\"_blank\">Krankenhaus Buchholz<\/a> am Nachmittag operiert. Kurz nach 16 Uhr 30 kam sie auf die Station zur\u00fcck \u2013 sie hat also die Operation \u00fcberstanden und es geht ihr \u201aden Umst\u00e4nden entsprechend\u2019 gut. Eigentlich mag ich diese Phrase \u00fcberhaupt nicht, weil sie so nichtssagend ist. Aber zusammen mit dem prim\u00e4ren Adjektiv und der Tatsache, dass sie wieder auf der \u201anormalen\u2019 Station ist, so l\u00e4sst sich auch aus dieser Floskel Positives ziehen.<\/p>\n<p>Gestern haben wir meine Frau noch in Ruhe gelassen. Heute Abend werde ich sie zusammen mit unseren S\u00f6hnen und ihrer Mutter besuchen. Dann wissen auch wir Angeh\u00f6rige, wie es ihr wirklich geht. Und in etwa drei Tagen werden wir dann auch wissen, wie die weiteren Befunde sind, nachdem der <a href=\"https:\/\/de.wikipedia.org\/wiki\/W%C3%A4chterlymphknoten\" target=\"_blank\">W\u00e4chterlymphknoten<\/a> n\u00e4her untersucht sein wird. Dieser Befund gibt Aufschluss dar\u00fcber, ob sich das <a href=\"https:\/\/de.wikipedia.org\/wiki\/Krebs_(Medizin)\" target=\"_blank\">Krebsgeschw\u00fcr<\/a> im K\u00f6rper gestreut hat. Alle Anzeichen sprechen aber dagegen. Dann werden wir auch wissen, welcher weiteren Therapie sich meine Frau unterziehen muss (<a href=\"https:\/\/de.wikipedia.org\/wiki\/Chemotherapie\" target=\"_blank\">Chemotherapie<\/a> oder <a href=\"https:\/\/de.wikipedia.org\/wiki\/Strahlentherapie\" target=\"_blank\">Strahlentherapie<\/a>)<\/p>\n<p>In den ersten Tagen, nachdem wir die fatale Nachricht von der Erkrankung meiner Frau erfahren hatten, fiel es mir als ihr Mann schwer, andere Menschen in unserem Umfeld von ihrer Krankheit zu informieren. Mir standen Tr\u00e4nen in den Augen. Sicherlich sa\u00df der Schock nicht nur bei meiner Frau, sondern auch bei mir zun\u00e4chst tief. Aber ich denke, dass es etwas anderes ist, ob man selbst betroffen ist oder \u201anur\u2019 als naher Angeh\u00f6riger oder Lebenspartner. Dem Leid gesellt sich gern Selbstmitleid zu. Im ersten Schock denkt man auch an das Schlimmste, was kommen k\u00f6nnte, den Tod! Und damit stellt sich die Frage nach dem Danach und dem, was man (ich) ohne seinen Lebenspartner macht.<\/p>\n<p>Heute, mit dem Abstand von zehn Tagen, erkennt man den eigenen Egoismus, der sich hinter diesem Selbstmitleid verbirgt. Es kann nicht darum gehen, was aus mir wird, es kann nur darum gehen, wie es meiner Frau geht. Es kann nur um sie gehen, nicht einmal um die Krankheit, die zun\u00e4chst alles verdunkelt.<\/p>\n<p>Krebs l\u00e4sst sich bek\u00e4mpfen. Aber nicht allein mit Messer, Medikamenten oder <a href=\"https:\/\/de.wikipedia.org\/wiki\/Ionisierende_Strahlung\" target=\"_blank\">ionisierenden Strahlen<\/a>. Der Kampf muss auch von innen gef\u00fchrt werden \u2013 mit der eigenen positiven Einstellung. Jede Hilfe von au\u00dfen, jeder Zuspruch verst\u00e4rkt diese innere Energie. Diese Erkenntnis hilft auch den Angeh\u00f6rigen, dem Ehepartner oder den Kindern.<\/p>\n<p>Der Weg ist noch lang. Aber die ersten Schritte sind getan. Gemeinsam werden wir als Familie den schweren Weg meistern.<\/p>\n","protected":false},"excerpt":{"rendered":"<p>Gestern wurde meine Frau im Krankenhaus Buchholz am Nachmittag operiert. Kurz nach 16 Uhr 30 kam sie auf die Station zur\u00fcck \u2013 sie hat also die Operation \u00fcberstanden und es geht ihr \u201aden Umst\u00e4nden entsprechend\u2019 gut. Eigentlich mag ich diese Phrase \u00fcberhaupt nicht, weil sie so nichtssagend ist. Aber zusammen mit dem prim\u00e4ren Adjektiv und &hellip; <a href=\"https:\/\/willizblog.de\/?p=2924\" class=\"more-link\"><span class=\"screen-reader-text\">Krebs-Tagebuch eines Angeh\u00f6rigen (4)<\/span> weiterlesen <span class=\"meta-nav\">&rarr;<\/span><\/a><\/p>\n","protected":false},"author":1,"featured_media":0,"comment_status":"open","ping_status":"open","sticky":false,"template":"","format":"standard","meta":[],"categories":[66],"tags":[],"_links":{"self":[{"href":"https:\/\/willizblog.de\/index.php?rest_route=\/wp\/v2\/posts\/2924"}],"collection":[{"href":"https:\/\/willizblog.de\/index.php?rest_route=\/wp\/v2\/posts"}],"about":[{"href":"https:\/\/willizblog.de\/index.php?rest_route=\/wp\/v2\/types\/post"}],"author":[{"embeddable":true,"href":"https:\/\/willizblog.de\/index.php?rest_route=\/wp\/v2\/users\/1"}],"replies":[{"embeddable":true,"href":"https:\/\/willizblog.de\/index.php?rest_route=%2Fwp%2Fv2%2Fcomments&post=2924"}],"version-history":[{"count":0,"href":"https:\/\/willizblog.de\/index.php?rest_route=\/wp\/v2\/posts\/2924\/revisions"}],"wp:attachment":[{"href":"https:\/\/willizblog.de\/index.php?rest_route=%2Fwp%2Fv2%2Fmedia&parent=2924"}],"wp:term":[{"taxonomy":"category","embeddable":true,"href":"https:\/\/willizblog.de\/index.php?rest_route=%2Fwp%2Fv2%2Fcategories&post=2924"},{"taxonomy":"post_tag","embeddable":true,"href":"https:\/\/willizblog.de\/index.php?rest_route=%2Fwp%2Fv2%2Ftags&post=2924"}],"curies":[{"name":"wp","href":"https:\/\/api.w.org\/{rel}","templated":true}]}}