{"id":2934,"date":"2010-04-25T12:00:10","date_gmt":"2010-04-25T11:00:10","guid":{"rendered":"http:\/\/www.willizblog.de\/?p=2934"},"modified":"2010-04-24T18:54:13","modified_gmt":"2010-04-24T17:54:13","slug":"blumenpracht-teil-26","status":"publish","type":"post","link":"https:\/\/willizblog.de\/?p=2934","title":{"rendered":"Blumenpracht Teil 26"},"content":{"rendered":"<p>Ja, der Fr\u00fchling steht in voller Bl\u00fcte. Und das Wetter ist auch endlich fr\u00fchlingshaft, sodass man sich gern im Freien aufh\u00e4lt. Gestern musste so auch zum ersten Mal der Rasen gem\u00e4ht werden. Wenn sich meine Frau auch nicht im eigenem Garten aufhalten kann, so hat sie wenigstens einen Balkon vor ihren Krankenzimmer und kann sich dort von der Sonne w\u00e4rmen lassen. Ich habe mir da am Freitag bereits die erste Br\u00e4une (eher R\u00f6te) geholt, als ich sie besuchte und wir uns stundenlang unterhielten. <\/p>\n<table border=\"0\" cellpadding=\"4\" cellspacing=\"0\" width=\"100%\">\n<tr>\n<td width=\"50%\" align=\"center\"><img loading=\"lazy\" border=\"0\" src=\"https:\/\/www.willizblog.de\/blogpicts\/blumen2010_04_01.jpg\" alt=\"AlbinZ Garten im April 2010\" width=\"270\" height=\"203\"><\/td>\n<td width=\"50%\" align=\"center\"><img loading=\"lazy\" border=\"0\" src=\"https:\/\/www.willizblog.de\/blogpicts\/blumen2010_04_02.jpg\" alt=\"AlbinZ Garten im April 2010\" width=\"270\" height=\"203\"><\/td>\n<\/tr>\n<tr>\n<td width=\"100%\" align=\"center\" colspan=\"2\"><font face=\"Lucida Grande, Lucida Sans Unicode, Verdana, sans-serif\" size=\"2\">AlbinZ Garten im April 2010<\/font><\/td>\n<\/tr>\n<tr>\n<td width=\"50%\" align=\"center\"><img loading=\"lazy\" border=\"0\" src=\"https:\/\/www.willizblog.de\/blogpicts\/blumen2010_04_03.jpg\" alt=\"AlbinZ Garten im April 2010\" width=\"270\" height=\"203\"><\/td>\n<td width=\"50%\" align=\"center\"><img loading=\"lazy\" border=\"0\" src=\"https:\/\/www.willizblog.de\/blogpicts\/blumen2010_04_04.jpg\" alt=\"AlbinZ Garten im April 2010\" width=\"270\" height=\"203\"><\/td>\n<\/tr>\n<tr>\n<td width=\"50%\" align=\"center\"><img loading=\"lazy\" border=\"0\" src=\"https:\/\/www.willizblog.de\/blogpicts\/blumen2010_04_05.jpg\" alt=\"AlbinZ Garten im April 2010\" width=\"270\" height=\"203\"><\/td>\n<td width=\"50%\" align=\"center\"><img loading=\"lazy\" border=\"0\" src=\"https:\/\/www.willizblog.de\/blogpicts\/blumen2010_04_06.jpg\" alt=\"AlbinZ Garten im April 2010\" width=\"270\" height=\"203\"><\/td>\n<\/tr>\n<\/table>\n","protected":false},"excerpt":{"rendered":"<p>Ja, der Fr\u00fchling steht in voller Bl\u00fcte. Und das Wetter ist auch endlich fr\u00fchlingshaft, sodass man sich gern im Freien aufh\u00e4lt. Gestern musste so auch zum ersten Mal der Rasen gem\u00e4ht werden. Wenn sich meine Frau auch nicht im eigenem Garten aufhalten kann, so hat sie wenigstens einen Balkon vor ihren Krankenzimmer und kann sich &hellip; <a href=\"https:\/\/willizblog.de\/?p=2934\" class=\"more-link\"><span class=\"screen-reader-text\">Blumenpracht Teil 26<\/span> weiterlesen <span class=\"meta-nav\">&rarr;<\/span><\/a><\/p>\n","protected":false},"author":1,"featured_media":0,"comment_status":"open","ping_status":"open","sticky":false,"template":"","format":"standard","meta":[],"categories":[16],"tags":[],"_links":{"self":[{"href":"https:\/\/willizblog.de\/index.php?rest_route=\/wp\/v2\/posts\/2934"}],"collection":[{"href":"https:\/\/willizblog.de\/index.php?rest_route=\/wp\/v2\/posts"}],"about":[{"href":"https:\/\/willizblog.de\/index.php?rest_route=\/wp\/v2\/types\/post"}],"author":[{"embeddable":true,"href":"https:\/\/willizblog.de\/index.php?rest_route=\/wp\/v2\/users\/1"}],"replies":[{"embeddable":true,"href":"https:\/\/willizblog.de\/index.php?rest_route=%2Fwp%2Fv2%2Fcomments&post=2934"}],"version-history":[{"count":0,"href":"https:\/\/willizblog.de\/index.php?rest_route=\/wp\/v2\/posts\/2934\/revisions"}],"wp:attachment":[{"href":"https:\/\/willizblog.de\/index.php?rest_route=%2Fwp%2Fv2%2Fmedia&parent=2934"}],"wp:term":[{"taxonomy":"category","embeddable":true,"href":"https:\/\/willizblog.de\/index.php?rest_route=%2Fwp%2Fv2%2Fcategories&post=2934"},{"taxonomy":"post_tag","embeddable":true,"href":"https:\/\/willizblog.de\/index.php?rest_route=%2Fwp%2Fv2%2Ftags&post=2934"}],"curies":[{"name":"wp","href":"https:\/\/api.w.org\/{rel}","templated":true}]}}