{"id":2952,"date":"2010-04-29T08:33:31","date_gmt":"2010-04-29T07:33:31","guid":{"rendered":"http:\/\/www.willizblog.de\/?p=2952"},"modified":"2010-04-29T09:05:58","modified_gmt":"2010-04-29T08:05:58","slug":"lockruf-des-vulkans","status":"publish","type":"post","link":"https:\/\/willizblog.de\/?p=2952","title":{"rendered":"Lockruf des Vulkans"},"content":{"rendered":"<p>Heute scheinen die Flugzeuge auch von Islands internationalen <a href=\"http:\/\/www.kefairport.is\/english\/\" target=\"_blank\">Flughafen in Keflavik<\/a>, in der N\u00e4he von Islands Hauptstadt Reykjavik, wieder zu fliegen. Nachdem der <a href=\"https:\/\/de.wikipedia.org\/wiki\/Ausbruch_des_Eyjafjallaj%C3%B6kull_2010\" target=\"_blank\">Ausbruch des Vulkan<\/a> unterhalb des Gletschers <a href=\"https:\/\/de.wikipedia.org\/wiki\/Eyjafjallaj%C3%B6kull\" target=\"_blank\">Eyjafjallaj\u00f6kull<\/a> mit seiner Aschewolke den Flugverkehr von gro\u00dfen Teilen in Europa lahm legte, sorgte ein Ostwind daf\u00fcr, dass in den letzten Tagen Islands Luftraum vom Rest der Welt abgeschnitten wurde.<\/p>\n<p><object width=\"540\" height=\"325\"><param name=\"movie\" value=\"https:\/\/www.youtube.com\/v\/f1ztg0wUqKY&#038;hl=de_DE&#038;fs=1&#038;\"><\/param><param name=\"allowFullScreen\" value=\"true\"><\/param><param name=\"allowscriptaccess\" value=\"always\"><\/param><embed src=\"https:\/\/www.youtube.com\/v\/f1ztg0wUqKY&#038;hl=de_DE&#038;fs=1&#038;\" type=\"application\/x-shockwave-flash\" allowscriptaccess=\"always\" allowfullscreen=\"true\" width=\"540\" height=\"325\"><\/embed><\/object><br \/>\nVulkanausbruch Island April 2010<\/p>\n<p>Der <a href=\"http:\/\/eldgos.mila.is\/eyjafjallajokull-fra-thorolfsfelli\/\" target=\"_blank\">Eyjafjallaj\u00f6kull<\/a> liegt im S\u00fcden Islands. Vor nun fast 20 Jahren besuchte ich mit meiner Frau und weiteren drei Mitreisenden die Insel im hohen Norden Europas und machte eine Rundreise, die in <a href=\"https:\/\/de.wikipedia.org\/wiki\/Reykjav%C3%ADk\" target=\"_blank\">Reykjav\u00edk<\/a> begann und gr\u00f6\u00dftenteils auf der <a href=\"https:\/\/de.wikipedia.org\/wiki\/Hringvegur\" target=\"_blank\">Ringstra\u00dfe 1<\/a> rund um die Hauptinsel f\u00fchrte \u2013 mit Halt in <a href=\"https:\/\/de.wikipedia.org\/wiki\/Hornafj%C3%B6r%C3%B0ur\" target=\"_blank\">H\u00f6fn<\/a>, <a href=\"https:\/\/de.wikipedia.org\/wiki\/H%C3%BAsav%C3%ADk\" target=\"_blank\">H\u00fasav\u00edk<\/a>, <a href=\"https:\/\/de.wikipedia.org\/wiki\/Akureyri\" target=\"_blank\">Akureyri<\/a> und zwischendurch am <a href=\"https:\/\/de.wikipedia.org\/wiki\/M%C3%BDvatn\" target=\"_blank\">M\u00fdvatn<\/a>. Dabei f\u00fchrte uns der Weg auch an dem <a href=\"http:\/\/blog.snaefell.de\/2010\/04\/17\/vulkansausbruch-des-eyjafjallajokull-webcams-5\/\" target=\"_blank\">Eyjafjallaj\u00f6kull<\/a> vorbei, der aber damals wenig Aufsehen erregte.<\/p>\n<p><iframe loading=\"lazy\" width=\"540\" height=\"350\" frameborder=\"0\" scrolling=\"no\" marginheight=\"0\" marginwidth=\"0\" src=\"https:\/\/maps.google.de\/maps?hl=de&amp;q=Eyjafjallaj%C3%B6kull,+South,+Island&amp;ie=UTF8&amp;cd=2&amp;geocode=FQ_kygMdmdjU_g&amp;split=0&amp;sll=51.151786,10.415039&amp;sspn=7.307413,14.941406&amp;hq=&amp;hnear=Eyjafjalla+Glacier,+South,+Island&amp;t=h&amp;ll=63.62827,-19.605103&amp;spn=0.106751,0.370789&amp;z=11&amp;iwloc=A&amp;output=embed\"><\/iframe><br \/>\nEyjafjallaj\u00f6kull &#8211; S\u00fcdisland<\/p>\n<p>Einen Vulkanausbruch haben wir vor 20 Jahren nicht erlebt. Aber \u00fcberall auf der Insel wird man gewahr, dass Island die gr\u00f6\u00dfte <a href=\"https:\/\/de.wikipedia.org\/wiki\/Vulkaninsel\" target=\"_blank\">Vulkaninsel<\/a> der Welt ist. Island liegt auf dem Mittelatlantischen R\u00fccken und damit sowohl auf der Nordamerikanischen als auch auf der Eurasischen Platte, wobei sich die Plattengrenzen von S\u00fcdwesten nach Nordosten in etwa diagonal \u00fcber die Insel ziehen. Die Platten entfernen sich j\u00e4hrlich etwa 2 cm voneinander. Ein Mantelplume unter der Insel, der sogenannte Island-Plume, sorgt jedoch mittels Vulkanismus f\u00fcr st\u00e4ndigen Nachschub von geschmolzenem Gesteinsmaterial aus dem Erdinneren, so dass die Insel nicht auseinanderbricht. Etwa 30 aktive Vulkane befinden sich derzeit auf Island, die man etwa 30 Vulkansystemen zuordnen kann. Das Wort <a href=\"https:\/\/de.wikipedia.org\/wiki\/Geysir\" target=\"_blank\">Geysir<\/a> ist Isl\u00e4ndisch und das sagt schon alles.<\/p>\n<p>Die Landschaft ist einerseits durch <a href=\"https:\/\/de.wikipedia.org\/wiki\/Vulkanismus\" target=\"_blank\">Vulkanismus<\/a> gepr\u00e4gt, andererseits auch durch den Wasserreichtum. Es gibt zahlreiche Fl\u00fcsse, Seen und Wasserf\u00e4lle. Darunter ist mit dem <a href=\"https:\/\/de.wikipedia.org\/wiki\/Dettifoss\" target=\"_blank\">Dettifoss<\/a> der energiereichste Wasserfall Europas, gemessen am Wasservolumen pro Sekunde \u00d7 Fallh\u00f6he. Das Isl\u00e4ndische Hochland im Zentrum der Insel bildet eine <a href=\"https:\/\/de.wikipedia.org\/wiki\/Periglazial\" target=\"_blank\">Periglazial<\/a>-W\u00fcste und ist nahezu unbewohnt.<\/p>\n<p><a href=\"https:\/\/www.albinz.net\/island.html\" target=\"_blank\"><strong>\u00cdsland<\/strong><\/a> \u2013 das ist eine Insel aus Eis und Feuer, Schwefel und Dampf, aus Wasser und Stein. Die Landschaft ist einzigartig. Das einer meiner <a href=\"https:\/\/www.willizblog.de\/?p=1280\" target=\"_blank\">Lieblingspl\u00e4tze<\/a> ausgerechnet auf Island zu finden ist, sollte da nicht verwundern. In diesem <a href=\"https:\/\/www.willizblog.de\/index.php?s=island\" target=\"_blank\">Blog<\/a> bin ich deshalb auch oft genug auf Island zur\u00fcckgekommen. So erscheint mir der Vulkanausbruch wie ein Lockruf: Komm nach 20 Jahren einmal wieder nach Island. Leider muss Island noch etwas auf mich und meine Lieben warten.<\/p>\n<p><object width=\"425\" height=\"344\"><param name=\"movie\" value=\"https:\/\/www.youtube.com\/v\/k7hrWLqGDxY&#038;hl=de&#038;fs=1\"><\/param><param name=\"allowFullScreen\" value=\"true\"><\/param><param name=\"allowscriptaccess\" value=\"always\"><\/param><embed src=\"https:\/\/www.youtube.com\/v\/k7hrWLqGDxY&#038;hl=de&#038;fs=1\" type=\"application\/x-shockwave-flash\" allowscriptaccess=\"always\" allowfullscreen=\"true\" width=\"425\" height=\"344\"><\/embed><\/object><br \/>\nAlbinZ in Iceland 1990<br \/>\nMusik: <a href=\"http:\/\/proginblog.blogspot.com\/2009\/07\/flairck-circus-1981.html\" target=\"_blank\">Flairck &#8211; De Overtocht (Oceana)<\/a> (\u201cThe Crossing\u201d) von \u201eCircus\u201c<\/p>\n<p>siehe auch zdf.de: <a href=\"http:\/\/www.heute.de\/ZDFheute\/inhalt\/31\/0,3672,8063839,00.html\" target=\"_blank\">Vulkanasche \u00fcber Europa &#8211; Alles zur Aschewolke<\/a><\/p>\n","protected":false},"excerpt":{"rendered":"<p>Heute scheinen die Flugzeuge auch von Islands internationalen Flughafen in Keflavik, in der N\u00e4he von Islands Hauptstadt Reykjavik, wieder zu fliegen. Nachdem der Ausbruch des Vulkan unterhalb des Gletschers Eyjafjallaj\u00f6kull mit seiner Aschewolke den Flugverkehr von gro\u00dfen Teilen in Europa lahm legte, sorgte ein Ostwind daf\u00fcr, dass in den letzten Tagen Islands Luftraum vom Rest &hellip; <a href=\"https:\/\/willizblog.de\/?p=2952\" class=\"more-link\"><span class=\"screen-reader-text\">Lockruf des Vulkans<\/span> weiterlesen <span class=\"meta-nav\">&rarr;<\/span><\/a><\/p>\n","protected":false},"author":1,"featured_media":0,"comment_status":"open","ping_status":"open","sticky":false,"template":"","format":"standard","meta":[],"categories":[10,20],"tags":[],"_links":{"self":[{"href":"https:\/\/willizblog.de\/index.php?rest_route=\/wp\/v2\/posts\/2952"}],"collection":[{"href":"https:\/\/willizblog.de\/index.php?rest_route=\/wp\/v2\/posts"}],"about":[{"href":"https:\/\/willizblog.de\/index.php?rest_route=\/wp\/v2\/types\/post"}],"author":[{"embeddable":true,"href":"https:\/\/willizblog.de\/index.php?rest_route=\/wp\/v2\/users\/1"}],"replies":[{"embeddable":true,"href":"https:\/\/willizblog.de\/index.php?rest_route=%2Fwp%2Fv2%2Fcomments&post=2952"}],"version-history":[{"count":0,"href":"https:\/\/willizblog.de\/index.php?rest_route=\/wp\/v2\/posts\/2952\/revisions"}],"wp:attachment":[{"href":"https:\/\/willizblog.de\/index.php?rest_route=%2Fwp%2Fv2%2Fmedia&parent=2952"}],"wp:term":[{"taxonomy":"category","embeddable":true,"href":"https:\/\/willizblog.de\/index.php?rest_route=%2Fwp%2Fv2%2Fcategories&post=2952"},{"taxonomy":"post_tag","embeddable":true,"href":"https:\/\/willizblog.de\/index.php?rest_route=%2Fwp%2Fv2%2Ftags&post=2952"}],"curies":[{"name":"wp","href":"https:\/\/api.w.org\/{rel}","templated":true}]}}