{"id":2964,"date":"2010-05-03T11:32:39","date_gmt":"2010-05-03T10:32:39","guid":{"rendered":"http:\/\/www.willizblog.de\/?p=2964"},"modified":"2010-05-03T11:32:39","modified_gmt":"2010-05-03T10:32:39","slug":"saisonendspurt","status":"publish","type":"post","link":"https:\/\/willizblog.de\/?p=2964","title":{"rendered":"Saisonendspurt"},"content":{"rendered":"<p>Die Saison 2009\/2010 im europ\u00e4ischen und damit auch im deutschen Fu\u00dfball neigt sich dem Ende entgegen. In meinem Beitrag vom 24. M\u00e4rz 2010 (<a href=\"https:\/\/www.willizblog.de\/?p=2846\" target=\"_blank\">\u201eWir fahren nach Berlin\u201c<\/a>) stellte ich die Frage: Sollte vielleicht [f\u00fcr den SV Werder Bremen] sogar noch der dritte Platz (Werder steht sieben Spieltage vor Saisonende acht Punkte hinter den nun doch schw\u00e4chelnden Leverkusenern) m\u00f6glich sein? Die Frage stellte ich ganz bewusst, obwohl sich nach dem 25. Spieltag Werder Bremen <a href=\"https:\/\/www.willizblog.de\/?p=2804\" target=\"_blank\">lediglich auf Platz 6<\/a> befand \u2013 drei Punkte hinter Dortmund, vier hinter dem HSV (beide belegen die Pl\u00e4tze, die f\u00fcr die Teilnahme an der UEFA Europa League berechtigen). Ich behauptete damals noch: Champions League ade (11 Punkte sind es bis zu Platz 3, der immerhin noch f\u00fcr eine Qualifikationsrunde zur Champions League ausreichen w\u00fcrde)!<\/p>\n<p>Nun heute, einem Spieltag vor dem Ende sind die Bremer auf Platz drei und sogar zwei Punkte vor dem noch einzigen Konkurrenten um diesen Qualifikationsplatz zur Champions League, den Leverkusenern (Dortmund hat wirklich nur noch theoretische Chancen). Sicherlich hat die Mannschaft dabei das Gl\u00fcck reichlich strapaziert (der 1:0-Sieg gegen Hertha BSC wurde in der Nachspielzeit durch einen Handelfmeter erzielt; auch auf Schalke am letzten Samstag h\u00e4tte es anders ausgehen k\u00f6nnen, wenn der Schiedsrichter in der 41. Spielminute ein <a href=\"http:\/\/fussball.zdf.de\/ZDFsport\/inhalt\/14\/0,5676,8068622,00.html\" target=\"_blank\">Foul von Per Mertesacker<\/a> im Strafraum gegen Benedikt H\u00f6wedes geahndet h\u00e4tte), aber Gl\u00fcck geh\u00f6rt bekanntlich auch zum Erfolg.<\/p>\n<p><img src=\"https:\/\/www.willizblog.de\/blogpicts\/werder0910_st33.jpg\" alt=\"Nach Werders 2:0-Sieg auf Schalke am 01.05.2010\" \/><\/p>\n<p>W\u00e4hrend Leverkusen im letzten Bundesligaspiel nun bei der Borussia in M\u00f6nchengladbach antritt, hat Werder Bremen den HSV zu Gast. Neben der bekannten <a href=\"https:\/\/www.willizblog.de\/?p=1662\" target=\"_blank\">hanseatischen Rivalit\u00e4t<\/a> macht noch eine Tatsache diese Partie brisant: Der HSV muss gewinnen, um seine letzte Chance (wenn gleichzeitig Stuttgart in Hoffenheim verliert) zu wahren, in der n\u00e4chsten Saison vielleicht doch noch auf europ\u00e4ischen Parkett vertreten zu sein. F\u00fcr Werder sollte ein Unentschieden gen\u00fcgen. Aber nat\u00fcrlich will auch Werder siegen.<\/p>\n<p>Auf jeden Fall kann man den Bayern zur 22. deutschen Meisterschaft bereits jetzt gratulieren. Und obwohl ich kein Bayern-Fan bin, so w\u00fcnsche ich Ihnen viel Gl\u00fcck am 22. Mai in Madrid im Finale der Champions League gegen Inter Mailand. Sollten n\u00e4mlich die Bayern dort gewinnen, dann w\u00fcrde die deutsche Bundesliga ab Spielsaison 2011\/2012 einen weiteren Vertreter f\u00fcr die Champions League stellen, da dann in der <a href=\"https:\/\/de.wikipedia.org\/wiki\/UEFA-F%C3%BCnfjahreswertung\" target=\"_blank\">F\u00fcnf-Jahreswertung<\/a> Deutschland vor Italien r\u00fccken w\u00fcrde.<\/p>\n<p>Und auch <a href=\"http:\/\/www.zdf.de\/ZDFmediathek\/content\/1032402\" target=\"_blank\">Gl\u00fcckwunsch an den FC St. Pauli<\/a> zum Aufstieg in die erste Fu\u00dfball-Bundesliga. P\u00fcnktlich zum 100. Geburtstag steigt St. Pauli zum f\u00fcnften Mal in die 1. Liga auf. Auch das modernisierte Millerntorstadion empf\u00e4ngt die neuen G\u00e4ste mit G\u00e4nsehaut-Atmosph\u00e4re.<\/p>\n","protected":false},"excerpt":{"rendered":"<p>Die Saison 2009\/2010 im europ\u00e4ischen und damit auch im deutschen Fu\u00dfball neigt sich dem Ende entgegen. In meinem Beitrag vom 24. M\u00e4rz 2010 (\u201eWir fahren nach Berlin\u201c) stellte ich die Frage: Sollte vielleicht [f\u00fcr den SV Werder Bremen] sogar noch der dritte Platz (Werder steht sieben Spieltage vor Saisonende acht Punkte hinter den nun doch &hellip; <a href=\"https:\/\/willizblog.de\/?p=2964\" class=\"more-link\"><span class=\"screen-reader-text\">Saisonendspurt<\/span> weiterlesen <span class=\"meta-nav\">&rarr;<\/span><\/a><\/p>\n","protected":false},"author":1,"featured_media":0,"comment_status":"open","ping_status":"open","sticky":false,"template":"","format":"standard","meta":[],"categories":[27],"tags":[],"_links":{"self":[{"href":"https:\/\/willizblog.de\/index.php?rest_route=\/wp\/v2\/posts\/2964"}],"collection":[{"href":"https:\/\/willizblog.de\/index.php?rest_route=\/wp\/v2\/posts"}],"about":[{"href":"https:\/\/willizblog.de\/index.php?rest_route=\/wp\/v2\/types\/post"}],"author":[{"embeddable":true,"href":"https:\/\/willizblog.de\/index.php?rest_route=\/wp\/v2\/users\/1"}],"replies":[{"embeddable":true,"href":"https:\/\/willizblog.de\/index.php?rest_route=%2Fwp%2Fv2%2Fcomments&post=2964"}],"version-history":[{"count":0,"href":"https:\/\/willizblog.de\/index.php?rest_route=\/wp\/v2\/posts\/2964\/revisions"}],"wp:attachment":[{"href":"https:\/\/willizblog.de\/index.php?rest_route=%2Fwp%2Fv2%2Fmedia&parent=2964"}],"wp:term":[{"taxonomy":"category","embeddable":true,"href":"https:\/\/willizblog.de\/index.php?rest_route=%2Fwp%2Fv2%2Fcategories&post=2964"},{"taxonomy":"post_tag","embeddable":true,"href":"https:\/\/willizblog.de\/index.php?rest_route=%2Fwp%2Fv2%2Ftags&post=2964"}],"curies":[{"name":"wp","href":"https:\/\/api.w.org\/{rel}","templated":true}]}}