{"id":2980,"date":"2010-05-08T14:25:41","date_gmt":"2010-05-08T13:25:41","guid":{"rendered":"http:\/\/www.willizblog.de\/?p=2980"},"modified":"2010-05-08T14:25:41","modified_gmt":"2010-05-08T13:25:41","slug":"abschied-von-opa-hermann","status":"publish","type":"post","link":"https:\/\/willizblog.de\/?p=2980","title":{"rendered":"Abschied von Opa Hermann"},"content":{"rendered":"<p>Am Mittwoch, den 5. Mai, trafen wir uns um 12 Uhr 30 im engeren Familienkreis, um von meinem Vater, der am <a href=\"https:\/\/www.willizblog.de\/?p=2914\" target=\"_blank\">14. April gestorben<\/a> war, Abschied zu nehmen. Er wurde auf dem Friedhof in Bremen-Walle auf dem Urnenfeld W 183 beigesetzt.<\/p>\n<p>Anschlie\u00dfend setzten wir uns bei strahlendem Sonnenschein (\u201aPetrus\u2019 hatte auch an diesem Tag ein \u201aEinsehen\u2019 mit unserer Familie) in einem Cafe in der \u00dcberseestadt von Bremen, um bei einer Tasse Milchkaffee die weiteren Schritte zu besprechen. Leider f\u00e4llt beim Tod eines Menschen auch immer viel b\u00fcrokratischer Kleinkram an, der gekl\u00e4rt werden muss (\u201aVon der Wiege bis zur Bahre: Formulare, Formulare!\u2019).<\/p>\n<table border=\"0\" cellpadding=\"4\" cellspacing=\"0\" width=\"100%\">\n<tr>\n<td width=\"50%\" align=\"center\"><img loading=\"lazy\" border=\"0\" src=\"https:\/\/www.willizblog.de\/blogpicts\/friedhof_walle_2010_05_05_01.jpg\" alt=\"Waller Friedhof, Bremen - Urnenfeld \" width=\"270\" height=\"203\"><\/td>\n<td width=\"50%\" align=\"center\"><img loading=\"lazy\" border=\"0\" src=\"https:\/\/www.willizblog.de\/blogpicts\/friedhof_walle_2010_05_05_02.jpg\" alt=\"Cafe im Europahafen, \u00dcberseestadt Bremen\" width=\"270\" height=\"203\"><\/td>\n<\/tr>\n<tr>\n<td width=\"50%\" align=\"center\"><font face=\"Lucida Grande, Lucida Sans Unicode, Verdana, sans-serif\" size=\"2\">Waller Friedhof, Bremen &#8211; Urnenfeld<\/font><\/td>\n<td width=\"50%\" align=\"center\"><font face=\"Lucida Grande, Lucida Sans Unicode, Verdana, sans-serif\" size=\"2\">Cafe im Europahafen, \u00dcberseestadt Bremen<\/font><\/td>\n<\/tr>\n<\/table>\n","protected":false},"excerpt":{"rendered":"<p>Am Mittwoch, den 5. Mai, trafen wir uns um 12 Uhr 30 im engeren Familienkreis, um von meinem Vater, der am 14. April gestorben war, Abschied zu nehmen. Er wurde auf dem Friedhof in Bremen-Walle auf dem Urnenfeld W 183 beigesetzt. Anschlie\u00dfend setzten wir uns bei strahlendem Sonnenschein (\u201aPetrus\u2019 hatte auch an diesem Tag ein &hellip; <a href=\"https:\/\/willizblog.de\/?p=2980\" class=\"more-link\"><span class=\"screen-reader-text\">Abschied von Opa Hermann<\/span> weiterlesen <span class=\"meta-nav\">&rarr;<\/span><\/a><\/p>\n","protected":false},"author":1,"featured_media":0,"comment_status":"open","ping_status":"open","sticky":false,"template":"","format":"standard","meta":[],"categories":[66],"tags":[],"_links":{"self":[{"href":"https:\/\/willizblog.de\/index.php?rest_route=\/wp\/v2\/posts\/2980"}],"collection":[{"href":"https:\/\/willizblog.de\/index.php?rest_route=\/wp\/v2\/posts"}],"about":[{"href":"https:\/\/willizblog.de\/index.php?rest_route=\/wp\/v2\/types\/post"}],"author":[{"embeddable":true,"href":"https:\/\/willizblog.de\/index.php?rest_route=\/wp\/v2\/users\/1"}],"replies":[{"embeddable":true,"href":"https:\/\/willizblog.de\/index.php?rest_route=%2Fwp%2Fv2%2Fcomments&post=2980"}],"version-history":[{"count":0,"href":"https:\/\/willizblog.de\/index.php?rest_route=\/wp\/v2\/posts\/2980\/revisions"}],"wp:attachment":[{"href":"https:\/\/willizblog.de\/index.php?rest_route=%2Fwp%2Fv2%2Fmedia&parent=2980"}],"wp:term":[{"taxonomy":"category","embeddable":true,"href":"https:\/\/willizblog.de\/index.php?rest_route=%2Fwp%2Fv2%2Fcategories&post=2980"},{"taxonomy":"post_tag","embeddable":true,"href":"https:\/\/willizblog.de\/index.php?rest_route=%2Fwp%2Fv2%2Ftags&post=2980"}],"curies":[{"name":"wp","href":"https:\/\/api.w.org\/{rel}","templated":true}]}}