{"id":2985,"date":"2010-05-10T08:21:45","date_gmt":"2010-05-10T07:21:45","guid":{"rendered":"http:\/\/www.willizblog.de\/?p=2985"},"modified":"2010-05-10T08:23:52","modified_gmt":"2010-05-10T07:23:52","slug":"werders-aufholjagd","status":"publish","type":"post","link":"https:\/\/willizblog.de\/?p=2985","title":{"rendered":"Werders Aufholjagd"},"content":{"rendered":"<p>Die Fu\u00dfball-Bundesligasaison 2009\/2010 ist beendet und findet mit den Bayern zum 22. Mal den deutschen Meister. Aber was war das f\u00fcr eine Saison mit H\u00f6hen und Tiefen f\u00fcr so manchem Verein.<\/p>\n<p>Werder, am 15. Spieltag mit drei Punkten hinter den furios gestarteten Leverkusenern auf Platz  zwei, war f\u00fcnf Spieltage sp\u00e4ter mit gleicher Punktzahl (28) pl\u00f6tzlich nur noch auf Platz 6 und schon 16 Punkte hinter dem ersten zur\u00fcck (13 Punkte hinter Platz 3).<\/p>\n<p>Aber auch die Bayern taten sich unter dem neuen Trainer Louis van Gaal zun\u00e4chst schwer, sodass im November 2009 die Zeit von ihm bereits abgelaufen zu sein schien. Jetzt zum Saisonende ist er aber pl\u00f6tzlich der &#8222;absoluter Gl\u00fccksfall&#8220;, wie Vorstandschef Karl-Heinz Rummenigge zuletzt einmal mehr betonte.<\/p>\n<p>Bayer Leverkusen, bis zum 24. Spieltag noch ohne Niederlage, brach an den letzten zehn Spieltagen ein und holte nur noch 9 Punkte \u2013 zu wenig, um weiterhin in der Spitze mitspielen zu k\u00f6nnen.<\/p>\n<p>Deren Einbruch und auch den des HSV nutzte Werder Bremen und k\u00e4mpfte sich zur\u00fcck nach vorn \u2013 immerhin noch auf Platz drei &#8211; und hat jetzt sogar die Chance in der <a href=\"http:\/\/fussball.zdf.de\/ZDFsport\/inhalt\/1\/0,5676,8069953,00.html\" target=\"_blank\">Qualifikation zur Champions League<\/a>, an die \u201aFleischt\u00f6pfe\u2019 des europ\u00e4ischen Fu\u00dfballs zur\u00fcckzukehren. Und \u00fcbrigens: Werders letztes Bundesliga-Tor dieser Saison erzielte Claudio Pizarro, der mit dem 16. Saisontor und dem insgesamt 133. Treffer &#8222;endlich&#8220; den Rekord von Giovane Elber als <a href=\"http:\/\/www.werder.de\/aktuelles\/news\/meldung.php\/18044\/Mit-der-Hacke-zum-ElberRekord\" target=\"_blank\">torgef\u00e4hrlichsten Ausl\u00e4nder<\/a> in der Geschichte der Bundesliga einstellte. Gl\u00fcckwunsch!<\/p>\n<p><img src=\"https:\/\/www.willizblog.de\/blogpicts\/werder0910_st34_pizarro.jpg\" alt=\"Claudio Pizarro - SV Werder Bremen\" \/><\/p>\n<p>Mit leeren H\u00e4nden steht dagegen der <a href=\"http:\/\/www.zdf.de\/ZDFmediathek\/content\/1034702\" target=\"_blank\">HSV<\/a> da. International l\u00e4uft in der n\u00e4chsten Saison nun gar nichts. Als Irrtum der Saison erwies sich die Verpflichtung des neuen Trainers Bruno Labbadia. Die Fans haben mit dem Vorstandsvorsitzenden Bernd Hoffmann bereits den eigentlichen S\u00fcndenbock ausgemacht. <\/p>\n<p>Ich denke, dass gerade der HSV ein negatives Beispiel daf\u00fcr abgibt, wie es im Profifu\u00dfball nicht zugehen sollte. Man mag von den Bayern halten, was man will, aber wichtig ist, dass nicht nur auf dem Rasen, sondern auch im gesamten Vereinsmanagement professionell gearbeitet werden muss. Das ist bei den Bayern der Fall. Querellen in der Spitze wirken sich am Ende auch beim Spiel auf dem Platz aus. Weiteres positives Beispiel ist nat\u00fcrlich auch der SV Werder Bremen. Selbst im Krisenfall (z.B. nach f\u00fcnf nacheinander verlorenen Spielen) beginnt man nicht, aufeinander einzuschlagen, sondern bewahrt die Ruhe, um zu analysieren, was da falsch gelaufen sein k\u00f6nnte. <\/p>\n<p>F\u00fcr die Bayern und die Bremer ist die Saison noch nicht zu Ende. Am Samstag treffen beide im <a href=\"http:\/\/fussball.zdf.de\/ZDFsport\/inhalt\/8\/0,5676,8066344,00.html\" target=\"_blank\">DFB-Pokalendspiel<\/a> aufeinander \u2013 und zuletzt hat Bayern M\u00fcnchen dann auch noch gute Karten, eine Woche sp\u00e4ter gegen Inter Mailand die Krone des europ\u00e4ischen Fu\u00dfballs an sich zu rei\u00dfen: Champions League-Finale in Madrid. Daf\u00fcr w\u00fcnsche selbst ich den Bayern alles Gute. Am 15. Mai in Berlin dr\u00fccke ich aber nat\u00fcrlich Werder Bremen die Daumen. Die Bayern sind Favorit. Aber Pokalspiele haben bekanntlich ihre eigene Gesetzgebung. Und die Bremer werden sicherlich alles daran setzen, den Bayern \u201adie Lederhosen\u2019 auszuziehen.<\/p>\n<p>zdf.de: <a href=\"http:\/\/fussball.zdf.de\/ZDFsport\/inhalt\/2\/0,5676,8070338,00.html\" target=\"_blank\">\u00dcber Aufsteiger und Irrt\u00fcmer &#8211; Die H\u00f6hen und Tiefen der Saison<\/a><\/p>\n","protected":false},"excerpt":{"rendered":"<p>Die Fu\u00dfball-Bundesligasaison 2009\/2010 ist beendet und findet mit den Bayern zum 22. Mal den deutschen Meister. Aber was war das f\u00fcr eine Saison mit H\u00f6hen und Tiefen f\u00fcr so manchem Verein. Werder, am 15. Spieltag mit drei Punkten hinter den furios gestarteten Leverkusenern auf Platz zwei, war f\u00fcnf Spieltage sp\u00e4ter mit gleicher Punktzahl (28) pl\u00f6tzlich &hellip; <a href=\"https:\/\/willizblog.de\/?p=2985\" class=\"more-link\"><span class=\"screen-reader-text\">Werders Aufholjagd<\/span> weiterlesen <span class=\"meta-nav\">&rarr;<\/span><\/a><\/p>\n","protected":false},"author":1,"featured_media":0,"comment_status":"open","ping_status":"open","sticky":false,"template":"","format":"standard","meta":[],"categories":[27],"tags":[],"_links":{"self":[{"href":"https:\/\/willizblog.de\/index.php?rest_route=\/wp\/v2\/posts\/2985"}],"collection":[{"href":"https:\/\/willizblog.de\/index.php?rest_route=\/wp\/v2\/posts"}],"about":[{"href":"https:\/\/willizblog.de\/index.php?rest_route=\/wp\/v2\/types\/post"}],"author":[{"embeddable":true,"href":"https:\/\/willizblog.de\/index.php?rest_route=\/wp\/v2\/users\/1"}],"replies":[{"embeddable":true,"href":"https:\/\/willizblog.de\/index.php?rest_route=%2Fwp%2Fv2%2Fcomments&post=2985"}],"version-history":[{"count":0,"href":"https:\/\/willizblog.de\/index.php?rest_route=\/wp\/v2\/posts\/2985\/revisions"}],"wp:attachment":[{"href":"https:\/\/willizblog.de\/index.php?rest_route=%2Fwp%2Fv2%2Fmedia&parent=2985"}],"wp:term":[{"taxonomy":"category","embeddable":true,"href":"https:\/\/willizblog.de\/index.php?rest_route=%2Fwp%2Fv2%2Fcategories&post=2985"},{"taxonomy":"post_tag","embeddable":true,"href":"https:\/\/willizblog.de\/index.php?rest_route=%2Fwp%2Fv2%2Ftags&post=2985"}],"curies":[{"name":"wp","href":"https:\/\/api.w.org\/{rel}","templated":true}]}}