{"id":2992,"date":"2010-05-11T07:59:05","date_gmt":"2010-05-11T06:59:05","guid":{"rendered":"http:\/\/www.willizblog.de\/?p=2992"},"modified":"2010-05-11T08:05:04","modified_gmt":"2010-05-11T07:05:04","slug":"20-hochzeitstag","status":"publish","type":"post","link":"https:\/\/willizblog.de\/?p=2992","title":{"rendered":"20. Hochzeitstag"},"content":{"rendered":"<p>Als ich heute Morgen zur Arbeit losging, hing an der Haust\u00fcr ein Porzellanbecher und im Vorgarten waren Porzellanteller aufgereiht. F\u00fcr diese Dekoration sorgten wohl in der Nacht einige aus unserem Freundeskreis. Ja, heute feiere ich mit meiner Frau den 20. Hochzeitstag \u2013 <a href=\"http:\/\/www.herzsache.de\/beziehung\/hochzeitsarten\/20-hochzeitstag.php\" target=\"_blank\">Porzellanhochzeit<\/a>!<\/p>\n<p>Mit meiner Frau bin ich seit 1990 <a href=\"https:\/\/www.albinz.net\/familie.html\" target=\"_blank\">verheiratet<\/a>. Damals wohnten wir noch in Hamburg-Niendorf. Unsere Hochzeitsreise, die eigentlich nicht als Hochzeitsreise geplant war, f\u00fchrte uns nach <a href=\"https:\/\/www.albinz.net\/island.html\" target=\"_blank\">\u00cdsland<\/a>. <\/p>\n<p><img src=\"https:\/\/www.albinz.net\/images\/hochzeit.gif\" alt=\"... inzwischen 20 Jahre verheiratet!\" \/><\/p>\n<p>Vor nun 20 Jahren heirateten wir zun\u00e4chst standesamtlich in Bremen. Das war am 10. Mai 1990. Bremen hatten wir aus mehreren Gr\u00fcnden ausgew\u00e4hlt. Zum einen, weil dort das <a href=\"http:\/\/www.stadtamt.bremen.de\/sixcms\/detail.php?gsid=bremen116.c.1624.de\" target=\"_blank\">zentrale Standesamt<\/a> in einer alten Villa in der Hollerallee unmittelbar in der N\u00e4he des B\u00fcrgerparks untergebracht ist. In Hamburg h\u00e4tten wir im <a href=\"http:\/\/www.hamburg.de\/fachamt-personenstandswesen\/79908\/personenstandswesen.html\" target=\"_blank\">Fachamt Personenstandswesen<\/a> (Standesamt) des Bezirksamtes Hamburg-Eimsb\u00fcttel heiraten m\u00fcssen, das in den <a href=\"https:\/\/de.wikipedia.org\/wiki\/Grindelhochh%C3%A4user\" target=\"_blank\">Grindelhochh\u00e4usern<\/a> ziemlich prosaisch beherbergt ist. Zum anderen wohnen und wohnten die meisten meiner Familie in Bremen.<\/p>\n<p>Kirchlich heirateten wir dann einen Tag sp\u00e4ter (heute also vor 20 Jahren) in der <a href=\"http:\/\/www.kirche-tostedt.de\/tostedt\/die-johanneskirche.html\" target=\"_blank\">Johannes-Kirche in Tostedt<\/a>. Tostedt war der alte Wohnort meiner Frau. Hier wohnen ihre n\u00e4heren Verwandten. Und seit 1995 wohnen wir beide nun auch hier mit unseren S\u00f6hnen.<\/p>\n<p>Aber schon im August 1985 gab es eine Hochzeit &#8230; in <a href=\"https:\/\/www.albinz.net\/heirat.html\" target=\"_blank\">Gretna Green\/Schottland<\/a> w\u00e4hrend eines Urlaubs in Gro\u00dfbritannien. Das war nat\u00fcrlich keine offizielle Hochzeit, sondern fand beim Schmied des Ortes statt, der allerdings fr\u00fcher einmal auch die Befugnis hatte, Ehepaare zu trauen.<\/p>\n<p><a href=\"https:\/\/www.albinz.net\/heirat.html\" target=\"_blank\"><img loading=\"lazy\" border=\"0\" src=\"https:\/\/www.albinz.net\/images\/gretnagreen.jpg\" alt=\"'Hochzeit' in Gretna Green\/Schottland\" width=\"540\" height=\"388\"><\/a><\/p>\n","protected":false},"excerpt":{"rendered":"<p>Als ich heute Morgen zur Arbeit losging, hing an der Haust\u00fcr ein Porzellanbecher und im Vorgarten waren Porzellanteller aufgereiht. F\u00fcr diese Dekoration sorgten wohl in der Nacht einige aus unserem Freundeskreis. Ja, heute feiere ich mit meiner Frau den 20. Hochzeitstag \u2013 Porzellanhochzeit! Mit meiner Frau bin ich seit 1990 verheiratet. Damals wohnten wir noch &hellip; <a href=\"https:\/\/willizblog.de\/?p=2992\" class=\"more-link\"><span class=\"screen-reader-text\">20. Hochzeitstag<\/span> weiterlesen <span class=\"meta-nav\">&rarr;<\/span><\/a><\/p>\n","protected":false},"author":1,"featured_media":0,"comment_status":"open","ping_status":"open","sticky":false,"template":"","format":"standard","meta":[],"categories":[66,11],"tags":[],"_links":{"self":[{"href":"https:\/\/willizblog.de\/index.php?rest_route=\/wp\/v2\/posts\/2992"}],"collection":[{"href":"https:\/\/willizblog.de\/index.php?rest_route=\/wp\/v2\/posts"}],"about":[{"href":"https:\/\/willizblog.de\/index.php?rest_route=\/wp\/v2\/types\/post"}],"author":[{"embeddable":true,"href":"https:\/\/willizblog.de\/index.php?rest_route=\/wp\/v2\/users\/1"}],"replies":[{"embeddable":true,"href":"https:\/\/willizblog.de\/index.php?rest_route=%2Fwp%2Fv2%2Fcomments&post=2992"}],"version-history":[{"count":0,"href":"https:\/\/willizblog.de\/index.php?rest_route=\/wp\/v2\/posts\/2992\/revisions"}],"wp:attachment":[{"href":"https:\/\/willizblog.de\/index.php?rest_route=%2Fwp%2Fv2%2Fmedia&parent=2992"}],"wp:term":[{"taxonomy":"category","embeddable":true,"href":"https:\/\/willizblog.de\/index.php?rest_route=%2Fwp%2Fv2%2Fcategories&post=2992"},{"taxonomy":"post_tag","embeddable":true,"href":"https:\/\/willizblog.de\/index.php?rest_route=%2Fwp%2Fv2%2Ftags&post=2992"}],"curies":[{"name":"wp","href":"https:\/\/api.w.org\/{rel}","templated":true}]}}