{"id":3,"date":"2005-02-03T12:07:11","date_gmt":"2005-02-03T11:07:11","guid":{"rendered":"http:\/\/www.albinz.de\/blog\/?p=3"},"modified":"2006-11-10T12:33:03","modified_gmt":"2006-11-10T10:33:03","slug":"zukunft-deutschland","status":"publish","type":"post","link":"https:\/\/willizblog.de\/?p=3","title":{"rendered":"Zukunft Deutschland?"},"content":{"rendered":"<p>Betrachte ich die neuen Zahlen der Arbeitslosenstatistik f\u00fcr Januar 2005 (\u00fcber 5 Millionen Menschen sind ohne Arbeit), dann erinnert mich das an das Ende der Weimarer Republik. Auch heute machen sich die Nazis wieder breit. Und es gruselt mich vor der Zukunft, denn immerhin habe ich zwei Kinder, die noch zur Schule gehen und erst in einigen Jahren eine Berufsausbildung beginnen werden. Alles geht irgendwie den Bach &#8218;runter.<\/p>\n<p>Da klagen einerseits Unternehmen, sie h\u00e4tten nicht gen\u00fcgend Fachkr\u00e4fte und begr\u00fcnden damit die Auslagerung ihrer Entwicklung (nicht nur der Produktion) ins Ausland. Und anderseits sollen Studiengeb\u00fchren erhoben werden, damit wieder Geld in staatliche Kassen flie\u00dft. Und selbst ausbilden, das wollen m\u00f6glichst wenige Firmen. Da fordert z.B. die B\u00fcrgerrechtlerin B\u00e4rbel Bohley mehr Freiheit, mehr Selbstverantwortung, mehr Grenzenlosigkeit, mehr Risiken von allen. Aber die Freiheiten nehmen sich nur die GROSSEN \u00fcber Grenzen hinweg heraus, w\u00e4hrend die Risiken wir Kleinen zu tragen haben. Viele machen sich Gedanken, wie es weitergehen soll &#8211; in Deutschland. Da fordert man die politische Auseinandersetzung (z.B. auch mit den Rechtsradikalen); aber die Macht hat nicht die Politik (oder nur begrenzt), sondern die Wirtschaft.<\/p>\n<p>Wie sieht also die Zukunft in Deutschland aus (und wie k\u00f6nnte sie aussehen, wenn nicht nur die richtigen Konzepte, sondern DAS richtige Gesamtkonzept Anwendung findet &#8211; nur was ist richtig?). Ich f\u00fcrchte nur, es wird viel gedacht und beraten, aber wenig gemacht. Hier und da wird geflickschustert, da und dort verschlimmbessert. Und wenn dann vielleicht gar nichts mehr l\u00e4uft, dann wird &#8218;abgewickelt&#8216; &#8230;<\/p>\n","protected":false},"excerpt":{"rendered":"<p>Betrachte ich die neuen Zahlen der Arbeitslosenstatistik f\u00fcr Januar 2005 (\u00fcber 5 Millionen Menschen sind ohne Arbeit), dann erinnert mich das an das Ende der Weimarer Republik. Auch heute machen sich die Nazis wieder breit. Und es gruselt mich vor der Zukunft, denn immerhin habe ich zwei Kinder, die noch zur Schule gehen und erst &hellip; <a href=\"https:\/\/willizblog.de\/?p=3\" class=\"more-link\"><span class=\"screen-reader-text\">Zukunft Deutschland?<\/span> weiterlesen <span class=\"meta-nav\">&rarr;<\/span><\/a><\/p>\n","protected":false},"author":1,"featured_media":0,"comment_status":"closed","ping_status":"closed","sticky":false,"template":"","format":"standard","meta":[],"categories":[2],"tags":[],"_links":{"self":[{"href":"https:\/\/willizblog.de\/index.php?rest_route=\/wp\/v2\/posts\/3"}],"collection":[{"href":"https:\/\/willizblog.de\/index.php?rest_route=\/wp\/v2\/posts"}],"about":[{"href":"https:\/\/willizblog.de\/index.php?rest_route=\/wp\/v2\/types\/post"}],"author":[{"embeddable":true,"href":"https:\/\/willizblog.de\/index.php?rest_route=\/wp\/v2\/users\/1"}],"replies":[{"embeddable":true,"href":"https:\/\/willizblog.de\/index.php?rest_route=%2Fwp%2Fv2%2Fcomments&post=3"}],"version-history":[{"count":0,"href":"https:\/\/willizblog.de\/index.php?rest_route=\/wp\/v2\/posts\/3\/revisions"}],"wp:attachment":[{"href":"https:\/\/willizblog.de\/index.php?rest_route=%2Fwp%2Fv2%2Fmedia&parent=3"}],"wp:term":[{"taxonomy":"category","embeddable":true,"href":"https:\/\/willizblog.de\/index.php?rest_route=%2Fwp%2Fv2%2Fcategories&post=3"},{"taxonomy":"post_tag","embeddable":true,"href":"https:\/\/willizblog.de\/index.php?rest_route=%2Fwp%2Fv2%2Ftags&post=3"}],"curies":[{"name":"wp","href":"https:\/\/api.w.org\/{rel}","templated":true}]}}