{"id":30,"date":"2005-02-02T15:50:50","date_gmt":"2005-02-02T14:50:50","guid":{"rendered":"http:\/\/www.albinz.de\/blog\/?p=30"},"modified":"2011-02-17T11:20:05","modified_gmt":"2011-02-17T10:20:05","slug":"50-jahre-alt","status":"publish","type":"post","link":"https:\/\/willizblog.de\/?p=30","title":{"rendered":"Willkommen in Club der &#8218;echten&#8216; Fuffziger"},"content":{"rendered":"<p><em>Vor einem Jahr wurde ich ein halbes Jahrhundert alt (ich glaubte es selbst ja kaum). Auch mein alter Kumpel, Hajo Graue &#8211; weltweit bekannt als &#8218;Kommissar Graue&#8216; &#8211; vollendete diese runde Jahreszahl. F\u00fcr mich Anlass ihm die folgende Mail zu schreiben:<\/em><\/p>\n<p>Willkommen im Klub, verehrter Neu-F\u00fcnfziger!<\/p>\n<p>Da Sie sich vor 15 Jahren weigerten, an den Aktionen &#8222;Wer jung stirbt, der wird nicht alt!&#8220; bzw. &#8222;Stirb jung, stirb mit 35!&#8220; teilzunehmen, und sich in diesen Tagen Ihr Geburtstag zum 50. Male j\u00e4hrt, l\u00e4dt Sie der eVdzsagnrF, d.h. der eingetragene Verein der zwar schmerb\u00e4uchigen, aber geistig noch regen F\u00fcnfziger, hiermit zur am 7.  Februar 2004 in T\u00f6tensen stattfindenen FINFZIG (Feier zur Initiation der Neu-F\u00fcnfZIGj\u00e4hrigen) ein. Die Veranstaltung beginnt um 17 Uhr 50 (also um f\u00fcn-fuhr-f\u00fcn-fzig nachmittags) und findet in Fr\u00fchseniorenheim &#8222;Zum &#8218;echten&#8216; Fuffziger&#8220; statt.<\/p>\n<p>Wir w\u00fcrden Sie gern mit Ihrem Lebenspartner begr\u00fc\u00dfen und verweisen auf das sicherlich auch f\u00fcr Sie hochinteressante Programm. U.a. spricht zu Ihnen:<\/p>\n<p>Herr Wilfried Albin \u00e4u\u00dfert sich zun\u00e4chst zum Thema &#8222;Weder zwanzig und ranzig, noch vierzig und w\u00fcrzig, sondern f\u00fcnfzig und z\u00fcnf(t(z))ig oder wie oder was???&#8220;. Dann interpretiert Herr Dr. Wenzel Sterz einen Vers des althochdeutschen Dichters Ugo zu Ermannswedel (1004-1054): &#8222;&#8218;Itz just grad eben erst dem Pudel vvol, schmiegt funfet kosent sich an aine null!&#8216; &#8211; Ein Dichter wird f\u00fcnfzig, nur f\u00fcnfzig!&#8220;<\/p>\n<p>Als besonderen Ehrengast begr\u00fc\u00dfen wir den in T\u00f6tensen beheimateten und am besagten  Tag f\u00fcnfzig Jahre alt werdenden Dipl. Betriebswirt Dietlinde Bohlen, der sich gleich zu zwei Themen bl\u00e4ht: &#8222;Cherry, cherry lady oder: mit F\u00fcnfzigj\u00e4hrigen ist gut Kirschen essen&#8220; bzw. &#8222;Mit f\u00fcnfzig wird alles anders, Herr Anders!&#8220; <\/p>\n<p>Aus der Gruft spricht zuletzt Herr Prof. Dr. Ferdinand Sauerbruch zu Ihnen, sein Gegenstand der Rede: &#8222;Saures Erbrechen &#8211; nur EIN Symptom postmortaler Dysfunktionen des Abdomen&#8220;. Leider etwas am Thema der Veranstaltung vorbei &#8211; schade, Herr Sauerbruch!<\/p>\n<p>Aber das ist dann noch nicht alles &#8211; zum Abschluss variiert Udo J\u00fcrgens seinen Sommerhit von vor f\u00fcnfzig Jahren (oder so): &#8222;F\u00fcnfzig Jahr, graues Haar &#8230;.&#8220;. Begleitet wird Herr J\u00fcrgens \u00fcbrigens von Herrn Bohlen am Schifferklavier. Mitsingen ist Pflicht!<\/p>\n<p>W\u00e4hrend der Veranstaltung wird trockenes Geb\u00e4ck gereicht. <\/p>\n<p>Ist das nichts?!<\/p>\n<p>Leider konnten wir Herrn Kommissar Graue, &#8218;tschuldigung: Hauptkommissar Graue, nicht dazu bewegen, seinen nobelpreistr\u00e4chtigen Vortrag: &#8222;Graues gr\u00e4uliches Grauen oder Beck&#8217;s und hopp!&#8220;  zum besten zu geben! Vielleicht einander Mal!<\/p>\n<p>Sollten Sie, z.B. altersbedingt, nicht an diesem &#8218;Event des Jahres&#8216; teilnehmen k\u00f6nnen, bleiben Sie ruhig: die Veranstaltung wird live mitgeschnitten! Der Aufschnitt resp. die Aufnahme ist dann als DVD bzw. VHS-Kassette k\u00e4uflich zu erwerben. \u00dcbrigens ein wunderbares Geschenk f\u00fcr alle  Nochnichtf\u00fcnfzigj\u00e4hrigen.<\/p>\n<p>Viele Gr\u00fc\u00dfe an Ihre Lieben und nochmals alles Gute zum Pf\u00fcnepfzichsten!<br \/>\nVorstand des eVdzsagnrF<\/p>\n<p>Dieses ist eine elektronisch \u00fcbermittelte Nachricht und ist unverschl\u00fcsselt, also f\u00fcr jedermann einzusehen. Sie enth\u00e4lt leider keine Viren oder W\u00fcrmer ala W32.Novarg.A@mm, W32.MyDoom.B@mm, W32.Beagle.A@mm oder W32.Sobig.C@mm, ist also f\u00fcr Ihr Betriebssystem ungef\u00e4hrlich. Daf\u00fcr ist sie gef\u00e4hrlich f\u00fcr Ihr Gehirn! Sie enth\u00e4lt eine virtuelle (imagin\u00e4re) Einladung zu einer Veranstaltung, die in dieser Form NICHT stattfinden wird (klar, sonst w\u00e4re sie nicht imagin\u00e4r), eigentlich schade, oder?<\/p>\n","protected":false},"excerpt":{"rendered":"<p>Vor einem Jahr wurde ich ein halbes Jahrhundert alt (ich glaubte es selbst ja kaum). Auch mein alter Kumpel, Hajo Graue &#8211; weltweit bekannt als &#8218;Kommissar Graue&#8216; &#8211; vollendete diese runde Jahreszahl. F\u00fcr mich Anlass ihm die folgende Mail zu schreiben: Willkommen im Klub, verehrter Neu-F\u00fcnfziger! Da Sie sich vor 15 Jahren weigerten, an den &hellip; <a href=\"https:\/\/willizblog.de\/?p=30\" class=\"more-link\"><span class=\"screen-reader-text\">Willkommen in Club der &#8218;echten&#8216; Fuffziger<\/span> weiterlesen <span class=\"meta-nav\">&rarr;<\/span><\/a><\/p>\n","protected":false},"author":1,"featured_media":0,"comment_status":"closed","ping_status":"closed","sticky":false,"template":"","format":"standard","meta":[],"categories":[7,18],"tags":[],"_links":{"self":[{"href":"https:\/\/willizblog.de\/index.php?rest_route=\/wp\/v2\/posts\/30"}],"collection":[{"href":"https:\/\/willizblog.de\/index.php?rest_route=\/wp\/v2\/posts"}],"about":[{"href":"https:\/\/willizblog.de\/index.php?rest_route=\/wp\/v2\/types\/post"}],"author":[{"embeddable":true,"href":"https:\/\/willizblog.de\/index.php?rest_route=\/wp\/v2\/users\/1"}],"replies":[{"embeddable":true,"href":"https:\/\/willizblog.de\/index.php?rest_route=%2Fwp%2Fv2%2Fcomments&post=30"}],"version-history":[{"count":0,"href":"https:\/\/willizblog.de\/index.php?rest_route=\/wp\/v2\/posts\/30\/revisions"}],"wp:attachment":[{"href":"https:\/\/willizblog.de\/index.php?rest_route=%2Fwp%2Fv2%2Fmedia&parent=30"}],"wp:term":[{"taxonomy":"category","embeddable":true,"href":"https:\/\/willizblog.de\/index.php?rest_route=%2Fwp%2Fv2%2Fcategories&post=30"},{"taxonomy":"post_tag","embeddable":true,"href":"https:\/\/willizblog.de\/index.php?rest_route=%2Fwp%2Fv2%2Ftags&post=30"}],"curies":[{"name":"wp","href":"https:\/\/api.w.org\/{rel}","templated":true}]}}