{"id":301,"date":"2005-11-27T10:00:13","date_gmt":"2005-11-27T09:00:13","guid":{"rendered":"http:\/\/www.albinz.de\/blog\/?p=301"},"modified":"2005-11-28T07:58:20","modified_gmt":"2005-11-28T06:58:20","slug":"kurz-kurzer-kurzestgeschichten","status":"publish","type":"post","link":"https:\/\/willizblog.de\/?p=301","title":{"rendered":"Kurz, k\u00fcrzer &#8211; K\u00fcrzestgeschichten"},"content":{"rendered":"<p>Deutsche Literatur vor 50 Jahren. Die noch heute bedeutendste deutsche Literaturzeitschrift Akzente ging gerade in ihr zweites Jahr. F\u00fcr mich Anlass, einen <a href=\"https:\/\/www.willizblog.de\/?p=284\">weiteren Blick<\/a> auf das damals Geschriebene zu werfen. Hier zwei als K\u00fcrzestgeschichten deklarierte Werke:<\/p>\n<p><a href=\"http:\/\/www.doderer-gesellschaft.org\/\" target=\"_blank\">Heimito von Doderer<\/a>: Das Fr\u00fchst\u00fcck<\/p>\n<p>Heute morgens fr\u00fchst\u00fcckte ich im Bade, etwas zerstreut. Ich go\u00df den Tee in das zum Z\u00e4hneputzen bestimmte Gef\u00e4\u00df, und warf zwei St\u00fccke Zucker in die Badewanne, welche aber nicht gen\u00fcgten, ein so gro\u00dfes Quantum Wassers merklich zu vers\u00fc\u00dfen.<\/p>\n<p><a href=\"http:\/\/www.aufbauverlag.de\/index.php4?page=28&#038;show=3795&#038;avsess=a25ed07c578a65ee457f6982ee8a2026\" target=\"_blank\">Gisela Elsner<\/a>: Herausragen<\/p>\n<p>Triboll ragte aus der Stra\u00dfe heraus, er ragte schon l\u00e4nger heraus, pl\u00f6tzlich jedoch hatte das Ragen ein Ende. Ein Baum kam, und als Triboll daneben stand, mu\u00dfte er zugeben, da\u00df der Baum ragte und er nicht mehr. Weil er sich so sehr w\u00fcnschte, wieder ragen zu k\u00f6nnen, nahm er eine Axt und machte aus dem Baum eine Leiche. Triboll war zwar jetzt ein M\u00f6rder, aber er konnte wieder ragen.<\/p>\n<p>Da kam ein Haus, das ganz nahe an der Stra\u00dfe stand. Es war ein neues Haus, ein Haus mit wei\u00dfen W\u00e4nden, einem sp\u00e4rlichen Eingang und einem sehr sp\u00e4rlichen Fenster. Im Fenster hing die Phantasielosigkeit und schrie, und eine hohe Mauer, betont konservativ, umgab das Bauwerk. Aber das Haus ragte, und es war schwerer, ein Haus als einen Baum zu ermorden. Triboll lie\u00df es einfach unter sich. Er stieg \u00fcber die konservative Gartenmauer und setzte sich, es hatte ihm viel Anstrengung gekostet, auf den Giebel des Hauses. Nun ragte er wieder, hatte eine weitaus bessere Sicht als jemals zuvor, und er sah, da\u00df andere ebenso ragten wie er, doch er ragte mit Freuden in dieser Gesellschaft und l\u00e4chelte herablassend, als er einen Jugendragenden auf der Stra\u00dfe stolz einherstelzen sah. Triboll war ein erwachsener Ragender geworden.<\/p>\n","protected":false},"excerpt":{"rendered":"<p>Deutsche Literatur vor 50 Jahren. Die noch heute bedeutendste deutsche Literaturzeitschrift Akzente ging gerade in ihr zweites Jahr. F\u00fcr mich Anlass, einen weiteren Blick auf das damals Geschriebene zu werfen. Hier zwei als K\u00fcrzestgeschichten deklarierte Werke: Heimito von Doderer: Das Fr\u00fchst\u00fcck Heute morgens fr\u00fchst\u00fcckte ich im Bade, etwas zerstreut. Ich go\u00df den Tee in das &hellip; <a href=\"https:\/\/willizblog.de\/?p=301\" class=\"more-link\"><span class=\"screen-reader-text\">Kurz, k\u00fcrzer &#8211; K\u00fcrzestgeschichten<\/span> weiterlesen <span class=\"meta-nav\">&rarr;<\/span><\/a><\/p>\n","protected":false},"author":1,"featured_media":0,"comment_status":"closed","ping_status":"closed","sticky":false,"template":"","format":"standard","meta":[],"categories":[14],"tags":[],"_links":{"self":[{"href":"https:\/\/willizblog.de\/index.php?rest_route=\/wp\/v2\/posts\/301"}],"collection":[{"href":"https:\/\/willizblog.de\/index.php?rest_route=\/wp\/v2\/posts"}],"about":[{"href":"https:\/\/willizblog.de\/index.php?rest_route=\/wp\/v2\/types\/post"}],"author":[{"embeddable":true,"href":"https:\/\/willizblog.de\/index.php?rest_route=\/wp\/v2\/users\/1"}],"replies":[{"embeddable":true,"href":"https:\/\/willizblog.de\/index.php?rest_route=%2Fwp%2Fv2%2Fcomments&post=301"}],"version-history":[{"count":0,"href":"https:\/\/willizblog.de\/index.php?rest_route=\/wp\/v2\/posts\/301\/revisions"}],"wp:attachment":[{"href":"https:\/\/willizblog.de\/index.php?rest_route=%2Fwp%2Fv2%2Fmedia&parent=301"}],"wp:term":[{"taxonomy":"category","embeddable":true,"href":"https:\/\/willizblog.de\/index.php?rest_route=%2Fwp%2Fv2%2Fcategories&post=301"},{"taxonomy":"post_tag","embeddable":true,"href":"https:\/\/willizblog.de\/index.php?rest_route=%2Fwp%2Fv2%2Ftags&post=301"}],"curies":[{"name":"wp","href":"https:\/\/api.w.org\/{rel}","templated":true}]}}