{"id":3023,"date":"2010-05-16T15:59:04","date_gmt":"2010-05-16T14:59:04","guid":{"rendered":"http:\/\/www.willizblog.de\/?p=3023"},"modified":"2010-05-16T15:59:04","modified_gmt":"2010-05-16T14:59:04","slug":"blamable-vorstellung-2","status":"publish","type":"post","link":"https:\/\/willizblog.de\/?p=3023","title":{"rendered":"Blamable Vorstellung"},"content":{"rendered":"<p>Nat\u00fcrlich bleibt am Ende <a href=\"http:\/\/www.werder.de\/aktuelles\/news\/meldung.php\/18103\/Trotz-Pleite-Spieler-ziehen-positives-Saisonfazit\" target=\"_blank\">ein positives Saisonfazit<\/a> f\u00fcr den SV Werder Bremen, der sich in der Fu\u00dfball-Bundesliga zuletzt doch noch auf den dritten Tabellenplatz vorgespielt hatte. Aber im Finale des DFB-Pokals boten die Bremer gegen Bayern M\u00fcnchen eine durch und durch blamable Leistung. Okay, einige Torchancen hatte Werder Bremen durchaus \u2013 und was w\u00e4re, wenn &#8230; aber insgesamt schienen mir die Spieler gegen die Bayern eindeutig \u00fcberfordert.<\/p>\n<p><img src=\"https:\/\/www.willizblog.de\/blogpicts\/werder0910_dfb_finale_naldo.jpg\" alt=\"Finale DFB-Pokal 2010: Werder Bremen - Bayern M\u00fcnchen 0:4\" \/><\/p>\n<p>Da mag man aus Bremer Sicht den M\u00fcnchener zu einer Gala-Vorstellung begl\u00fcckw\u00fcnschen. Ich sehe das etwas anders: M\u00fcnchener Rasenschach, der dann aber durch \u201edas Spiel in die Spitze\u201c torgef\u00e4hrlich wurde. Die Bremer machten gerade in der ersten Halbzeit \u201edie R\u00e4ume eng\u201c, wagten dann aber zu wenig das Spiel nach vorn, das zudem von h\u00e4ufigen Fehlp\u00e4ssen gepr\u00e4gt war. Konnte der Ball vom Gegner erobert werden, so wurde dieser sp\u00e4testens nach zwei Spielstationen durch ungenaues Zuspiel wieder verloren.<\/p>\n<p>So gewannen die Bayern durchaus auch in der H\u00f6he verdient mit 4:0 gegen eine Bremer Mannschaft, die einen rabenschwarzen Tag erwischte. Besonderer Pechvogel: Per Mertesacker, der das erste Tor f\u00fcr die Bayern durch ein Handspiel erm\u00f6glichte und auch beim 2. Treffer unbeabsichtigt die Vorlage f\u00fcr Ivica Olics Tor gab. <\/p>\n<p>Wichtig ist nun, dass man dieses Spiel in Berlin abhakt. In der neuen Saison wartet die Qualifikation zur Champions League. Und nat\u00fcrlich die n\u00e4chste Bundesliga-Runde.<\/p>\n","protected":false},"excerpt":{"rendered":"<p>Nat\u00fcrlich bleibt am Ende ein positives Saisonfazit f\u00fcr den SV Werder Bremen, der sich in der Fu\u00dfball-Bundesliga zuletzt doch noch auf den dritten Tabellenplatz vorgespielt hatte. Aber im Finale des DFB-Pokals boten die Bremer gegen Bayern M\u00fcnchen eine durch und durch blamable Leistung. Okay, einige Torchancen hatte Werder Bremen durchaus \u2013 und was w\u00e4re, wenn &hellip; <a href=\"https:\/\/willizblog.de\/?p=3023\" class=\"more-link\"><span class=\"screen-reader-text\">Blamable Vorstellung<\/span> weiterlesen <span class=\"meta-nav\">&rarr;<\/span><\/a><\/p>\n","protected":false},"author":1,"featured_media":0,"comment_status":"open","ping_status":"open","sticky":false,"template":"","format":"standard","meta":[],"categories":[27],"tags":[],"_links":{"self":[{"href":"https:\/\/willizblog.de\/index.php?rest_route=\/wp\/v2\/posts\/3023"}],"collection":[{"href":"https:\/\/willizblog.de\/index.php?rest_route=\/wp\/v2\/posts"}],"about":[{"href":"https:\/\/willizblog.de\/index.php?rest_route=\/wp\/v2\/types\/post"}],"author":[{"embeddable":true,"href":"https:\/\/willizblog.de\/index.php?rest_route=\/wp\/v2\/users\/1"}],"replies":[{"embeddable":true,"href":"https:\/\/willizblog.de\/index.php?rest_route=%2Fwp%2Fv2%2Fcomments&post=3023"}],"version-history":[{"count":0,"href":"https:\/\/willizblog.de\/index.php?rest_route=\/wp\/v2\/posts\/3023\/revisions"}],"wp:attachment":[{"href":"https:\/\/willizblog.de\/index.php?rest_route=%2Fwp%2Fv2%2Fmedia&parent=3023"}],"wp:term":[{"taxonomy":"category","embeddable":true,"href":"https:\/\/willizblog.de\/index.php?rest_route=%2Fwp%2Fv2%2Fcategories&post=3023"},{"taxonomy":"post_tag","embeddable":true,"href":"https:\/\/willizblog.de\/index.php?rest_route=%2Fwp%2Fv2%2Ftags&post=3023"}],"curies":[{"name":"wp","href":"https:\/\/api.w.org\/{rel}","templated":true}]}}