{"id":3028,"date":"2010-05-18T10:33:21","date_gmt":"2010-05-18T09:33:21","guid":{"rendered":"http:\/\/www.willizblog.de\/?p=3028"},"modified":"2011-02-28T10:59:51","modified_gmt":"2011-02-28T09:59:51","slug":"was-nun-herr-low","status":"publish","type":"post","link":"https:\/\/willizblog.de\/?p=3028","title":{"rendered":"Was nun, Herr L\u00f6w?"},"content":{"rendered":"<p>In diesen Tagen gibt es wieder mehr Fu\u00dfball-Bundestrainer als aktive Fu\u00dfballspieler auf dem Feld in Deutschland. Ja, die Fu\u00dfball-Weltmeisterschaft 2010 in S\u00fcdafrika steht vor der T\u00fcr und jeder meint, mitreden zu m\u00fcssen. So will auch ich mich aller Hemmungen erledigen und wenigstens einen Artikel lang Bundestrainer spielen.<\/p>\n<p>Fangen wir gleich mit dem Ballack-Ausfall an. Das Foul von Kevin-Prince Boateng war wirklich mehr als r\u00fcde und daher ist die Frage nat\u00fcrlich berechtigt, ob Boateng vers\u00e4tzlich gefoult hat. Er bestreitet das und hat sich inzwischen auch schon <a href=\"http:\/\/www.zeit.de\/newsticker\/2010\/5\/17\/iptc-hfk-20100517-117-24872492xml\" target=\"_blank\">bei Ballack entschuldigt<\/a>. Dem n\u00fctzt das nat\u00fcrlich wenig: die WM kann er abhaken. Was also tun? Boateng solange sperren wie Ballack verletzt ist? Keine Spielerlaubnis f\u00fcr Boateng f\u00fcr die WM? Alles Quark. Die Ghanaer sollten nur so schlau sein und ihn bei der WM im Gruppenspiel gegen Deutschland, falls er die Spielerlaubnis bekommt, <a href=\"http:\/\/www.welt.de\/die-welt\/vermischtes\/article7677225\/Die-Boatengs-Ruhm-Talent-und-Randale.html\" target=\"_blank\">nicht auflaufen<\/a> lassen. In diesem Zusammenhang m\u00f6chte ich den \u00e4u\u00dferst interessanten <a href=\"http:\/\/www.zeit.de\/2010\/20\/DOS-Bolzplatz\" target=\"_blank\">Artikel bei zeit.de<\/a> zum Lesen empfehlen.<\/p>\n<p>Nun stellt sich die Frage, wie Joachim L\u00f6w den Ausfall des Kapit\u00e4ns kompensieren will. Der 33-J\u00e4hrige nimmt aufgrund seiner Klasse und internationalen Erfahrung eine Ausnahmestellung ein. &#8222;Seine Pr\u00e4senz ist f\u00fcr unsere junge Mannschaft von gro\u00dfer Wichtigkeit, sowohl auf als auch neben dem Platz&#8220;, unterstrich L\u00f6w. Fakt ist, dass nach der verletzungsbedingten Absage von Simon Rolfes, der formbedingten Nichtnominierung von Thomas Hitzlsperger und der Ausbootung von Torsten Frings kaum noch Kandidaten f\u00fcr die Sechser-Position im Kader stehen. Sami Khedira w\u00e4re die einzige ernsthafte Alternative; Christian Tr\u00e4sch und Heiko Westermann sind h\u00f6chstens Notl\u00f6sungen. Oder nun doch Frings nachnominieren? Da Joachim L\u00f6w <a href=\"https:\/\/www.willizblog.de\/?p=1227\" target=\"_blank\">viel auf Disziplin<\/a> h\u00e4lt, wird er diesen mit Sicherheit nicht wieder an Bord holen. Frings, dieser Voll-Pfosten (so nennt man einen Trottel wie ihn wohl im Fu\u00dfballer-Jargon), hat sich mit seiner gelb-roten Karte im DFB-Pokalfinale selbst das Wasser abgegraben. Das schl\u00e4gt bis L\u00f6w durch.<\/p>\n<p>Mit Ballack (und nat\u00fcrlich auch mit Frings) fehlt ein wichtiger Routinier in der Mannschaft, der selbst in einem aufgescheuchten H\u00fchnerhaufen wieder Ruhe einkehren l\u00e4sst. Kaum eine Mannschaft ist so jung wie die deutsche. Aus der U21-Mannschaft haben bereits Torwart Manuel Neuer, Dennis Aogo, Andreas Beck, Jerome Boateng, Sami Khedira und Mesut \u00d6zil den Sprung in L\u00f6ws erweitertes WM-Aufgebot geschafft. Und doch kommt die WM wohl zu fr\u00fch f\u00fcr das deutsche Team. Joachim L\u00f6w fehlt jene breite Basis an Spielern, die zur k\u00f6rperlichen Topform auch bereits \u00fcber die n\u00f6tige Erfahrung verf\u00fcgen, die deutsche Mannschaften stets ausgezeichnet hat. In Philipp Lahm und Bastian Schweinsteiger stehen dem Bundestrainer nur noch zwei unumstrittene F\u00fchrungsspieler zur Verf\u00fcgung. Besonders dem Schweinsteiger wird der L\u00f6w einen Gro\u00dfteil der Verantwortung auf die Schultern laden.<\/p>\n<p><em>Apropos Schweinsteiger:<\/em> Noch haben er und seine Bayern das Finalspiel in der Champions League am Samstag in Madrid gegen Inter Mailand nicht ungeschadet \u00fcberstanden. Die Italiener sind nicht nur f\u00fcr ihren <a href=\"https:\/\/de.wikipedia.org\/wiki\/Catenaccio\" target=\"_blank\">Sperrriegel<\/a> bekannt, sondern auch f\u00fcr ihre \u00e4u\u00dferst rustikale Spielweise, der manch gegnerische Spieler bereits zum Opfer fiel. Was Boateng kann, k\u00f6nnen <a href=\"https:\/\/de.wikipedia.org\/wiki\/Marco_Materazzi\" target=\"_blank\">Materazzi<\/a> und Co. notfalls auch. Also Vorsicht!<\/p>\n<p>Kommen wir zur leidigen Torh\u00fcterfrage: L\u00f6w und Torwart-Trainer Andreas K\u00f6pke hatten sich kaum f\u00fcr Ren\u00e9 Adler als die Numero eins im Tor der deutschen Nationalmannschaft entschieden, da musste dieser verletzungsbedingt seine Teilnahme an der WM absagen. So wurde Hans-J\u00f6rg Butt (wird demn\u00e4chst 36 Jahre alt) von Bayern M\u00fcnchen neben Tim Wiese und Manuel Neuer nominiert. Wer soll nun bei der WM im deutschen Kasten stehen? Dass es Tim Wiese \u00fcberhaupt geschafft hat, von L\u00f6w f\u00fcr die Nationalmannschaft berufen zu sein, grenzt schon fast an ein Wunder. Au\u00dferhalb Bremens ist sein Beliebtheitsgrad nicht sehr gro\u00df. Butt ist trotz seiner Erfahrung f\u00fcr mich zu alt (will man auf junge Spieler im Nationalteam setzen, dann sollte man es auch wirklich tun). Bleibt also Neuer, auch wenn ihm schon mancher Schnitzer unterlaufen ist.<\/p>\n<p>Und der Angriff? Wenn es nach der Leistung in der Bundesliga geht, dann bleiben da nur Cacau und Stefan Kie\u00dfling. Geht es nach den Leistungen in der Nationalmannschaft dann sind da der Klose und Podolski. Der Rest ist f\u00fcr die Tonne. Wen also nehmen? Cacau schaffte es immerhin, gegen Malta zwei Dinger zu versenken. Und Podolski, der Instinktfu\u00dfballer, war in der Liga so schlecht, sodass er im Nationaltrikot eigentlich nur noch besser sein kann.<\/p>\n<p>Ja, der <a href=\"http:\/\/www.spreeblick.com\/2010\/05\/06\/der-deutsche-kader-zur-wm\/\" target=\"_blank\">deutsche Kader<\/a> ist merklich geschrumpft (und k\u00f6nnte noch mehr schrumpfen). Da k\u00f6nnte mir der L\u00f6w fast Leid tun (aber auch nur fast). Also, was nun, Herr L\u00f6w? Ich \u00fcbergebe an Sie. Sie verdienen (sic?) schlie\u00dflich die Kohle.<\/p>\n<p><strong>Ach \u00fcbrigens:<\/strong> Der L\u00f6w begann ja bereits, laut \u00fcber seine weitere Zukunft nachzudenken. Und da es mit dem WM-Titel nichts werden wird, Louis van Gaal, sollten die Bayern das Triple mit dem Gewinn der Champions League komplett machen (was kann man als Spieler und Trainer mehr erreichen), sich vorstellen k\u00f6nnte, eines Tages DFB-Trainer zu sein &#8230; Vielleicht haben wir nach der WM tats\u00e4chlich einen <a href=\"http:\/\/fussball.zdf.de\/ZDFsport\/inhalt\/1\/0,5676,8045825,00.html\" target=\"_blank\">Niederl\u00e4nder als L\u00f6w-Nachfolger<\/a> \u2013 ich w\u00fcrde nicht dagegen wetten!<\/p>\n","protected":false},"excerpt":{"rendered":"<p>In diesen Tagen gibt es wieder mehr Fu\u00dfball-Bundestrainer als aktive Fu\u00dfballspieler auf dem Feld in Deutschland. Ja, die Fu\u00dfball-Weltmeisterschaft 2010 in S\u00fcdafrika steht vor der T\u00fcr und jeder meint, mitreden zu m\u00fcssen. So will auch ich mich aller Hemmungen erledigen und wenigstens einen Artikel lang Bundestrainer spielen. Fangen wir gleich mit dem Ballack-Ausfall an. Das &hellip; <a href=\"https:\/\/willizblog.de\/?p=3028\" class=\"more-link\"><span class=\"screen-reader-text\">Was nun, Herr L\u00f6w?<\/span> weiterlesen <span class=\"meta-nav\">&rarr;<\/span><\/a><\/p>\n","protected":false},"author":1,"featured_media":0,"comment_status":"open","ping_status":"open","sticky":false,"template":"","format":"standard","meta":[],"categories":[39],"tags":[],"_links":{"self":[{"href":"https:\/\/willizblog.de\/index.php?rest_route=\/wp\/v2\/posts\/3028"}],"collection":[{"href":"https:\/\/willizblog.de\/index.php?rest_route=\/wp\/v2\/posts"}],"about":[{"href":"https:\/\/willizblog.de\/index.php?rest_route=\/wp\/v2\/types\/post"}],"author":[{"embeddable":true,"href":"https:\/\/willizblog.de\/index.php?rest_route=\/wp\/v2\/users\/1"}],"replies":[{"embeddable":true,"href":"https:\/\/willizblog.de\/index.php?rest_route=%2Fwp%2Fv2%2Fcomments&post=3028"}],"version-history":[{"count":0,"href":"https:\/\/willizblog.de\/index.php?rest_route=\/wp\/v2\/posts\/3028\/revisions"}],"wp:attachment":[{"href":"https:\/\/willizblog.de\/index.php?rest_route=%2Fwp%2Fv2%2Fmedia&parent=3028"}],"wp:term":[{"taxonomy":"category","embeddable":true,"href":"https:\/\/willizblog.de\/index.php?rest_route=%2Fwp%2Fv2%2Fcategories&post=3028"},{"taxonomy":"post_tag","embeddable":true,"href":"https:\/\/willizblog.de\/index.php?rest_route=%2Fwp%2Fv2%2Ftags&post=3028"}],"curies":[{"name":"wp","href":"https:\/\/api.w.org\/{rel}","templated":true}]}}