{"id":303,"date":"2005-11-22T17:02:00","date_gmt":"2005-11-22T16:02:00","guid":{"rendered":"http:\/\/www.albinz.de\/blog\/?p=303"},"modified":"2005-11-25T09:01:55","modified_gmt":"2005-11-25T08:01:55","slug":"fussball-und-fernsehen","status":"publish","type":"post","link":"https:\/\/willizblog.de\/?p=303","title":{"rendered":"Fu\u00dfball und Fernsehen"},"content":{"rendered":"<p>Fu\u00dfball und Fernsehen geh\u00f6ren in Deutschland (und nicht nur hier) sehr eng zusammen. Wer hat nicht eines der legend\u00e4ren Endspiele einer Fu\u00dfballweltmeisterschaft mit deutscher Beteiligung vor der Glotzkiste gesehen und dabei keine feuchten Finger und keinen rasenden Puls bekommen. Ich erinnere mich noch sehr genau an die WM 1966 in England. Aber auch wochentags an die Europapokalspiele. Da durfte ich schon einmal l\u00e4nger aufbleiben, als ich noch jung war. Und nat\u00fcrlich die Fu\u00dfball-Bundesliga jeden Samstag in der Sportschau und sp\u00e4ter im aktuellen Sportstudio.<\/p>\n<p>Bereits nach dem 2. Weltkrieg wurde sehr schnell das Fernsehen wieder in Deutschland eingef\u00fchrt. Und am 1. April 1963 kam zur bis dahin allein bestehende ARD <a href=\"http:\/\/www.zdf.de\/ZDFde\/inhalt\/19\/0,1872,2002003,00.html\" target=\"_blank\">das ZDF<\/a>, also zweite deutsche Fernsehen hinzu. Ein besonderes Ereignis war dann die Einf\u00fchrung des Farbfernsehens am 25. August 1967. Ich erinnere mich noch genau an meinen ersten Farbfilm im Fernsehen, den Abenteuerfilm <em>Cartouche, der Bandit<\/em> mit Jean-Paul Belmondo.<\/p>\n<p>Mit Einf\u00fchrung des Kabelfernsehens zum 1. Januar 1984 startete dann auch der erste Privatsender PKS (Programmgesellschaft f\u00fcr Kabel- und Satellitenfunk &#8211; heute SAT.1) und damit gewisserma\u00dfen auch das Verderben, zumindest, was das \u00dcbertragen von Fu\u00dfballspielen betrifft. Denn jetzt wurden pl\u00f6tzlich die Geb\u00fchren f\u00fcr die \u00dcbertragungsrechte von Fu\u00dfballspielen von Jahr zu Jahr in die H\u00f6he geschraubt. Von 1992 bis 2003 war es dann auch SAT.1, das mit der Sendung &#8218;ran&#8216; die Bundesligaspiele \u00fcbernahm; als Privatsender brachte SAT.1 zwischen zwei Toren mindestens einen Werbespot.<\/p>\n<p>Aber nicht genug: <a href=\"http:\/\/www.zeit.de\/2005\/32\/prosieben_springer_chron\" target=\"_blank\">Leo Kirch, neben Axel &#8218;C\u00e4sar&#8216; Springer<\/a> (Wild-Zeitung) Deutschlands gr\u00f6\u00dfter Medienmogul, gr\u00fcndete den ersten Sender f\u00fcr Pay-TV. Und da Fu\u00dfball nun einmal der deutschen M\u00e4nner liebste Nebenbesch\u00e4ftigung ist, schraubte er die Preise f\u00fcr \u00dcbertragungsrechte noch einmal ordentlich in die H\u00f6he. Zwar ging sein ganzer Laden dann baden. Aber &#8218;Premiere&#8216; hatte den Fisch an Land gezogen und strich dazu f\u00fcr Zweitverwertungsrechte (oder wie immer man das nennt) noch horrende Summen ein.<\/p>\n<p>Und so zahlt man extra (Pay-TV) oder vergn\u00fcgt sich mit der abgespeckten Kost, die uns die Nicht-Bezahl-Sender servieren. Und so gucke ich heute in die R\u00f6hre (aber nicht TV-R\u00f6hre), weil sich SAT.1 nicht f\u00fcr das Champions-League-Spiel von Werder Bremen in Barcelona, sondern f\u00fcr das Schalke-Spiel am morgigen Abend entschieden hat. So ein dr\u00f6ges Spiel kann ich mir sparen; da w\u00e4ren mir sogar die Bayern lieben.<\/p>\n<p>Etwas zur <a href=\"https:\/\/de.wikipedia.org\/wiki\/Geschichte_des_Fernsehens\" target=\"_blank\">Geschichte des Fernsehens in Deutschland<\/a><\/p>\n","protected":false},"excerpt":{"rendered":"<p>Fu\u00dfball und Fernsehen geh\u00f6ren in Deutschland (und nicht nur hier) sehr eng zusammen. Wer hat nicht eines der legend\u00e4ren Endspiele einer Fu\u00dfballweltmeisterschaft mit deutscher Beteiligung vor der Glotzkiste gesehen und dabei keine feuchten Finger und keinen rasenden Puls bekommen. Ich erinnere mich noch sehr genau an die WM 1966 in England. Aber auch wochentags an &hellip; <a href=\"https:\/\/willizblog.de\/?p=303\" class=\"more-link\"><span class=\"screen-reader-text\">Fu\u00dfball und Fernsehen<\/span> weiterlesen <span class=\"meta-nav\">&rarr;<\/span><\/a><\/p>\n","protected":false},"author":1,"featured_media":0,"comment_status":"closed","ping_status":"closed","sticky":false,"template":"","format":"standard","meta":[],"categories":[13,27],"tags":[],"_links":{"self":[{"href":"https:\/\/willizblog.de\/index.php?rest_route=\/wp\/v2\/posts\/303"}],"collection":[{"href":"https:\/\/willizblog.de\/index.php?rest_route=\/wp\/v2\/posts"}],"about":[{"href":"https:\/\/willizblog.de\/index.php?rest_route=\/wp\/v2\/types\/post"}],"author":[{"embeddable":true,"href":"https:\/\/willizblog.de\/index.php?rest_route=\/wp\/v2\/users\/1"}],"replies":[{"embeddable":true,"href":"https:\/\/willizblog.de\/index.php?rest_route=%2Fwp%2Fv2%2Fcomments&post=303"}],"version-history":[{"count":0,"href":"https:\/\/willizblog.de\/index.php?rest_route=\/wp\/v2\/posts\/303\/revisions"}],"wp:attachment":[{"href":"https:\/\/willizblog.de\/index.php?rest_route=%2Fwp%2Fv2%2Fmedia&parent=303"}],"wp:term":[{"taxonomy":"category","embeddable":true,"href":"https:\/\/willizblog.de\/index.php?rest_route=%2Fwp%2Fv2%2Fcategories&post=303"},{"taxonomy":"post_tag","embeddable":true,"href":"https:\/\/willizblog.de\/index.php?rest_route=%2Fwp%2Fv2%2Ftags&post=303"}],"curies":[{"name":"wp","href":"https:\/\/api.w.org\/{rel}","templated":true}]}}