{"id":3034,"date":"2010-05-23T09:00:07","date_gmt":"2010-05-23T08:00:07","guid":{"rendered":"http:\/\/www.willizblog.de\/?p=3034"},"modified":"2010-05-18T12:21:40","modified_gmt":"2010-05-18T11:21:40","slug":"pfingsten-2","status":"publish","type":"post","link":"https:\/\/willizblog.de\/?p=3034","title":{"rendered":"Pfingsten"},"content":{"rendered":"<p><a href=\"https:\/\/de.wikipedia.org\/wiki\/Pfingsten\" target=\"_blank\">Pfingsten<\/a>, das Fest des Heiligen Geistes, wird unter den Christen genau f\u00fcnfzig Tage nach Ostern gefeiert. Genau genommen gedenkt man an Pfingsten der Ausgie\u00dfung des Heiligen Geistes \u00fcber die zw\u00f6lf Apostel. Zugleich mit Pfingsten geht auch die Osterzeit zu Ende. Die Apostelgeschichte des Neuen Testaments erz\u00e4hlt, dass der Heilige Geist am f\u00fcnfzigsten Tag nach Ostern auf die J\u00fcnger Jesu herabkam, als sie sich in Jerusalem versammelten. Das Wunder, das dabei geschah, war, dass sie pl\u00f6tzlich in allen Sprachen der Welt kommunizieren konnten.<\/p>\n<p><img src=\"https:\/\/www.willizblog.de\/blogpicts\/pfingstochse.jpg\" alt=\"Pfingstochsen\" \/><\/p>\n<p><strong><em>Pfingstbestellung<\/em><\/strong><\/p>\n<p><em>Ein Pfingstgedichtchen will heraus<br \/>\nIns Freie, ins K\u00fchne.<br \/>\nSo treibt es mich<br \/>\naus meinem Haus<br \/>\nIns Neue, ins Gr\u00fcne.<\/em><\/p>\n<p><em>Wenn sich der Himmel grau bezieht,<br \/>\nMich st\u00f6rt &#8217;s nicht im geringsten.<br \/>\nWer meine wei\u00dfe Hose sieht,<br \/>\nDer merkt doch: Es ist Pfingsten.<\/em><\/p>\n<p><em>Nun hab ich ein Gedicht gedr\u00fcckt,<br \/>\nWie H\u00fchner Eier legen,<br \/>\nUnd gehe festlich und geschm\u00fcckt &#8211;<br \/>\n<a href=\"https:\/\/de.wikipedia.org\/wiki\/Pfingstochse\" target=\"_blank\">Pfingstochse<\/a> meinetwegen &#8211;<br \/>\nDem Honorar entgegen.<\/em><\/p>\n<p>Joachim Ringelnatz, 1883-1934<\/p>\n","protected":false},"excerpt":{"rendered":"<p>Pfingsten, das Fest des Heiligen Geistes, wird unter den Christen genau f\u00fcnfzig Tage nach Ostern gefeiert. Genau genommen gedenkt man an Pfingsten der Ausgie\u00dfung des Heiligen Geistes \u00fcber die zw\u00f6lf Apostel. Zugleich mit Pfingsten geht auch die Osterzeit zu Ende. Die Apostelgeschichte des Neuen Testaments erz\u00e4hlt, dass der Heilige Geist am f\u00fcnfzigsten Tag nach Ostern &hellip; <a href=\"https:\/\/willizblog.de\/?p=3034\" class=\"more-link\"><span class=\"screen-reader-text\">Pfingsten<\/span> weiterlesen <span class=\"meta-nav\">&rarr;<\/span><\/a><\/p>\n","protected":false},"author":1,"featured_media":0,"comment_status":"open","ping_status":"open","sticky":false,"template":"","format":"standard","meta":[],"categories":[32],"tags":[],"_links":{"self":[{"href":"https:\/\/willizblog.de\/index.php?rest_route=\/wp\/v2\/posts\/3034"}],"collection":[{"href":"https:\/\/willizblog.de\/index.php?rest_route=\/wp\/v2\/posts"}],"about":[{"href":"https:\/\/willizblog.de\/index.php?rest_route=\/wp\/v2\/types\/post"}],"author":[{"embeddable":true,"href":"https:\/\/willizblog.de\/index.php?rest_route=\/wp\/v2\/users\/1"}],"replies":[{"embeddable":true,"href":"https:\/\/willizblog.de\/index.php?rest_route=%2Fwp%2Fv2%2Fcomments&post=3034"}],"version-history":[{"count":0,"href":"https:\/\/willizblog.de\/index.php?rest_route=\/wp\/v2\/posts\/3034\/revisions"}],"wp:attachment":[{"href":"https:\/\/willizblog.de\/index.php?rest_route=%2Fwp%2Fv2%2Fmedia&parent=3034"}],"wp:term":[{"taxonomy":"category","embeddable":true,"href":"https:\/\/willizblog.de\/index.php?rest_route=%2Fwp%2Fv2%2Fcategories&post=3034"},{"taxonomy":"post_tag","embeddable":true,"href":"https:\/\/willizblog.de\/index.php?rest_route=%2Fwp%2Fv2%2Ftags&post=3034"}],"curies":[{"name":"wp","href":"https:\/\/api.w.org\/{rel}","templated":true}]}}