{"id":304,"date":"2005-11-23T08:00:41","date_gmt":"2005-11-23T07:00:41","guid":{"rendered":"http:\/\/www.albinz.de\/blog\/?p=304"},"modified":"2005-11-29T14:17:59","modified_gmt":"2005-11-29T13:17:59","slug":"traume-sind-schaume","status":"publish","type":"post","link":"https:\/\/willizblog.de\/?p=304","title":{"rendered":"Tr\u00e4ume sind Sch\u00e4ume"},"content":{"rendered":"<p>Da sind die Jungs ganz fidel und entspannt nach Barcelona gereist mit Tr\u00e4umen von direkt verwandelten Eckb\u00e4llen usw. Mindestens einen Punkt wollte man holen. Aber Tr\u00e4ume sind bekanntlich Sch\u00e4ume. Wenn man dann nicht sein ganzes verf\u00fcgbares Potential abrufen kann, dann muss man damit rechnen, seine Grenzen aufgezeigt zu bekommen. Sch\u00f6n oder gut zu spielen reicht eben nicht. Schlimmer noch: Miroslav Klose erlitt einen Jochbeinbruch und wird mehrere Wochen ausfallen.<\/p>\n<ul><img src=\"https:\/\/www.willizblog.de\/albpics\/werder0506_cl05.jpg\" alt=\"Klose am Boden\" \/><\/ul>\n<p>Nach dem 1:3 (1:2) in Barcelona mag man jetzt rechnen. Ein Sieg gegen Athen muss her (sonst droht das v\u00f6llige Aus), um wenigstens noch im UEFA-Pokal weiterspielen zu k\u00f6nnen. Und nur, wenn die Katalanen auch bei Udinese Calcio gewinnen, dann geht es in die n\u00e4chste Runde in der Champions League. Wenn das W\u00f6rtchen &#8218;wenn&#8216; nicht w\u00e4re &#8230;<\/p>\n<p>Am Wochenende geht es jetzt Auf Schalke weiter &#8211; ohne K&#038;K-Sturm (kommt man vielleicht den Dortmundern zuvor und engagiert Ailton: soll nur ein Witz sein); wie immer vor einem Spiel von Werder: man darf gespannt sein!<\/p>\n","protected":false},"excerpt":{"rendered":"<p>Da sind die Jungs ganz fidel und entspannt nach Barcelona gereist mit Tr\u00e4umen von direkt verwandelten Eckb\u00e4llen usw. Mindestens einen Punkt wollte man holen. Aber Tr\u00e4ume sind bekanntlich Sch\u00e4ume. Wenn man dann nicht sein ganzes verf\u00fcgbares Potential abrufen kann, dann muss man damit rechnen, seine Grenzen aufgezeigt zu bekommen. Sch\u00f6n oder gut zu spielen reicht &hellip; <a href=\"https:\/\/willizblog.de\/?p=304\" class=\"more-link\"><span class=\"screen-reader-text\">Tr\u00e4ume sind Sch\u00e4ume<\/span> weiterlesen <span class=\"meta-nav\">&rarr;<\/span><\/a><\/p>\n","protected":false},"author":1,"featured_media":0,"comment_status":"closed","ping_status":"closed","sticky":false,"template":"","format":"standard","meta":[],"categories":[27],"tags":[],"_links":{"self":[{"href":"https:\/\/willizblog.de\/index.php?rest_route=\/wp\/v2\/posts\/304"}],"collection":[{"href":"https:\/\/willizblog.de\/index.php?rest_route=\/wp\/v2\/posts"}],"about":[{"href":"https:\/\/willizblog.de\/index.php?rest_route=\/wp\/v2\/types\/post"}],"author":[{"embeddable":true,"href":"https:\/\/willizblog.de\/index.php?rest_route=\/wp\/v2\/users\/1"}],"replies":[{"embeddable":true,"href":"https:\/\/willizblog.de\/index.php?rest_route=%2Fwp%2Fv2%2Fcomments&post=304"}],"version-history":[{"count":0,"href":"https:\/\/willizblog.de\/index.php?rest_route=\/wp\/v2\/posts\/304\/revisions"}],"wp:attachment":[{"href":"https:\/\/willizblog.de\/index.php?rest_route=%2Fwp%2Fv2%2Fmedia&parent=304"}],"wp:term":[{"taxonomy":"category","embeddable":true,"href":"https:\/\/willizblog.de\/index.php?rest_route=%2Fwp%2Fv2%2Fcategories&post=304"},{"taxonomy":"post_tag","embeddable":true,"href":"https:\/\/willizblog.de\/index.php?rest_route=%2Fwp%2Fv2%2Ftags&post=304"}],"curies":[{"name":"wp","href":"https:\/\/api.w.org\/{rel}","templated":true}]}}