{"id":3063,"date":"2010-06-01T08:19:25","date_gmt":"2010-06-01T07:19:25","guid":{"rendered":"http:\/\/www.willizblog.de\/?p=3063"},"modified":"2010-06-10T07:41:52","modified_gmt":"2010-06-10T06:41:52","slug":"kohler-geht","status":"publish","type":"post","link":"https:\/\/willizblog.de\/?p=3063","title":{"rendered":"K\u00f6hler geht"},"content":{"rendered":"<p>Die \u00c4u\u00dferungen des <a href=\"https:\/\/de.wikipedia.org\/wiki\/Bundespr%C3%A4sident_%28Deutschland%29#Horst_K.C3.B6hler_.282004.E2.80.932010.29\" target=\"_blank\">Bundespr\u00e4sidenten, Horst K\u00f6hler<\/a>, zum Afghanistan-Einsatz der Bundeswehr waren mehr aus umstritten. Sein Hinweis auch auf die <a href=\"http:\/\/www.heute.de\/ZDFheute\/inhalt\/15\/0,3672,8076175,00.html\" target=\"_blank\">wirtschaftlichen Interessen Deutschlands<\/a> (&#8230; &#8222;im Notfall auch milit\u00e4rischer Einsatz notwendig ist, um unsere Interessen zu wahren, zum Beispiel freie Handelswege.&#8220;) sorgten f\u00fcr Emp\u00f6rung, obwohl ich denke, dass dieser Hinweis durchaus berechtigt ist, wenn K\u00f6hler es auch anders gemeint hat. Hinter dem Einsatz der Bundeswehr stehen nicht nur hehre Ziele.<\/p>\n<p>Gestern nun erkl\u00e4rte Horst K\u00f6hler mit sofortiger Wirkung seinen <a href=\"http:\/\/www.heute.de\/ZDFheute\/inhalt\/3\/0,3672,8076163,00.html\" target=\"_blank\">R\u00fccktritt<\/a> von dem Amt des Bundespr\u00e4sidenten \u2013 f\u00fcr alle \u00fcberraschend. Als Grund nennt er den <a href=\"http:\/\/www.heute.de\/ZDFheute\/inhalt\/18\/0,3672,8076178,00.html\" target=\"_blank\">fehlenden Respekt der Kritiker vor seinem Amt<\/a>.<\/p>\n<p>Horst K\u00f6hler war in seinem Amt darauf bedacht, ein Bundespr\u00e4sident f\u00fcr alle B\u00fcrger zu sein. Er war sicherlich nicht ein Mann der gro\u00dfen Worte (wie z.B. <a href=\"https:\/\/de.wikipedia.org\/wiki\/Bundespr%C3%A4sident_%28Deutschland%29#Richard_von_Weizs.C3.A4cker_.281984.E2.80.931994.29\" target=\"_blank\">Richard von Weizs\u00e4cker<\/a>), aber seine klare Kritik an der Finanzwelt lie\u00df auch mich aufhorchen. Daher \u00fcberraschten mich K\u00f6hlers \u00c4u\u00dferung bez\u00fcglich des Einsatzes der Bundeswehr zur Sicherung wirtschaftlicher Interessen doch sehr. Die Kritik daran war aufgrund der Brisanz des Themas durchaus angemessen.<\/p>\n<p>Daher kann ich wie viele andere den R\u00fccktritt nicht so ganz nachvollziehen. So wird auch vermutet, dass ein weiterer Grund dazu f\u00fchrte, dass sich K\u00f6hler zum R\u00fccktritt entschloss: Die mangelnde Unterst\u00fctzung derer, die ihn gew\u00e4hlt hatten, bei der aufflammenden Kritik an seinen \u00c4u\u00dferungen. Wie auch immer: K\u00f6hler h\u00e4tte sich der Kritik stellen m\u00fcssen.<\/p>\n<p>Nun muss innerhalb von 30 Tagen ein neuer Bundespr\u00e4sident gew\u00e4hlt werden. Und das <a href=\"http:\/\/www.heute.de\/ZDFheute\/inhalt\/10\/0,3672,8076362,00.html\" target=\"_blank\">Gerangele um den Nachfolger<\/a> ist so im vollen Gange. Immerhin ist die Frage, wer die Mehrheit in der Bundesversammlung hat, gekl\u00e4rt: Schwarz-Gelb kann einen Kandidaten benennen, der die Nachfolge K\u00f6hlers antreten wird.<\/p>\n<p>Viele sehen im R\u00fccktritt K\u00f6hlers ein weiteres Zeichen (nach dem R\u00fccktritt Roland Kochs) f\u00fcr der Verfall der schwarz-gelben Koalition. Auch ich denke, dass Merkel, Westerwelle und Co. in der kurzen Zeit ihrer Regierung \u201aabgewirtschaftet\u2019 haben und weitaus zerstrittener sind als die gro\u00dfe Koalition zuvor. Aber Totgesagte leben bekanntlich lange. Und so f\u00fcrchte ich, dass uns die schwarz-gelbe Regierung noch l\u00e4nger erhalten bleibt, als es uns lieb ist.<\/p>\n","protected":false},"excerpt":{"rendered":"<p>Die \u00c4u\u00dferungen des Bundespr\u00e4sidenten, Horst K\u00f6hler, zum Afghanistan-Einsatz der Bundeswehr waren mehr aus umstritten. Sein Hinweis auch auf die wirtschaftlichen Interessen Deutschlands (&#8230; &#8222;im Notfall auch milit\u00e4rischer Einsatz notwendig ist, um unsere Interessen zu wahren, zum Beispiel freie Handelswege.&#8220;) sorgten f\u00fcr Emp\u00f6rung, obwohl ich denke, dass dieser Hinweis durchaus berechtigt ist, wenn K\u00f6hler es auch &hellip; <a href=\"https:\/\/willizblog.de\/?p=3063\" class=\"more-link\"><span class=\"screen-reader-text\">K\u00f6hler geht<\/span> weiterlesen <span class=\"meta-nav\">&rarr;<\/span><\/a><\/p>\n","protected":false},"author":1,"featured_media":0,"comment_status":"open","ping_status":"open","sticky":false,"template":"","format":"standard","meta":[],"categories":[12],"tags":[],"_links":{"self":[{"href":"https:\/\/willizblog.de\/index.php?rest_route=\/wp\/v2\/posts\/3063"}],"collection":[{"href":"https:\/\/willizblog.de\/index.php?rest_route=\/wp\/v2\/posts"}],"about":[{"href":"https:\/\/willizblog.de\/index.php?rest_route=\/wp\/v2\/types\/post"}],"author":[{"embeddable":true,"href":"https:\/\/willizblog.de\/index.php?rest_route=\/wp\/v2\/users\/1"}],"replies":[{"embeddable":true,"href":"https:\/\/willizblog.de\/index.php?rest_route=%2Fwp%2Fv2%2Fcomments&post=3063"}],"version-history":[{"count":0,"href":"https:\/\/willizblog.de\/index.php?rest_route=\/wp\/v2\/posts\/3063\/revisions"}],"wp:attachment":[{"href":"https:\/\/willizblog.de\/index.php?rest_route=%2Fwp%2Fv2%2Fmedia&parent=3063"}],"wp:term":[{"taxonomy":"category","embeddable":true,"href":"https:\/\/willizblog.de\/index.php?rest_route=%2Fwp%2Fv2%2Fcategories&post=3063"},{"taxonomy":"post_tag","embeddable":true,"href":"https:\/\/willizblog.de\/index.php?rest_route=%2Fwp%2Fv2%2Ftags&post=3063"}],"curies":[{"name":"wp","href":"https:\/\/api.w.org\/{rel}","templated":true}]}}