{"id":3090,"date":"2010-06-10T07:39:16","date_gmt":"2010-06-10T06:39:16","guid":{"rendered":"http:\/\/www.willizblog.de\/?p=3090"},"modified":"2013-01-11T16:21:56","modified_gmt":"2013-01-11T15:21:56","slug":"amselnest-und-feldblumen","status":"publish","type":"post","link":"https:\/\/willizblog.de\/?p=3090","title":{"rendered":"Amselnest und Feldblumen"},"content":{"rendered":"<p>Keinen Meter Luftlinie von unserem Briefkasten entfernt nisteten Amseln in einem die Hauswand hochrankenden Gew\u00e4chs. Sie lie\u00dfen sich kaum von uns st\u00f6ren. Wir waren aber auch bem\u00fcht, so wenig wie nur m\u00f6glich L\u00e4rm zu machen. Es ist bereits das zweite Mal, dass Amseln hier f\u00fcr ihre Brut Quartier bezogen. Im letzten Jahr diente zwischenzeitlich ein Futterhaus als Unterschlupf.<\/p>\n<p>Ich bin eigentlich ein Stadtkind. Aber in den gro\u00dfen Sommerferien machte ich doch \u00f6fter Ferien auf dem Lande und erinnere mich an weite Kornfelder, an deren R\u00e4ndern Klatschmohn und Kornblumen bl\u00fchten. Heute findet man diese Blumen eigentlich nur noch in Vorg\u00e4rten \u2013 wie auch bei uns. Eigentlich schade, denn das Rot und das Blau dieser Pflanzen waren mehr als nur Farbtupfen in der Landschaft. Es ist mindestens 15 Jahre her, da war ich mit meiner Frau und meinem damals ersten Sohn, es war im April, f\u00fcr zwei Wochen auf <a href=\"https:\/\/www.albinz.net\/sizilien.html\" target=\"_blank\">Sizilien<\/a>. Dort bl\u00fchte es auf den Wiesen, wie ich es sonst nie wieder gesehen habe. Eine Wiese stand vor lauter Mohnblumen in einem satten Rot. Aber auch sonst gab es eine Vielfalt an Wiesenblumen, wie sie bei uns h\u00f6chstens noch in den Bergen zu finden ist.<\/p>\n<table border=\"0\" cellpadding=\"4\" cellspacing=\"0\" width=\"100%\">\n<tr>\n<td width=\"50%\">\n<p align=\"center\"><img loading=\"lazy\" border=\"0\" src=\"https:\/\/www.willizblog.de\/blogpicts\/blumen2010_06_01.jpg\" alt=\"Nest einer Amsel in einer rankenden Pflanze\" width=\"270\" height=\"203\"><\/td>\n<td width=\"50%\" rowspan=\"2\">\n<p align=\"center\"><img loading=\"lazy\" border=\"0\" src=\"https:\/\/www.willizblog.de\/blogpicts\/blumen2008_05_23.jpg\" alt=\"Nest einer Amsel in einer rankenden Pflanze\" width=\"202\" height=\"270\"><\/td>\n<\/tr>\n<tr>\n<td width=\"50%\">\n<p align=\"center\"><img loading=\"lazy\" border=\"0\" src=\"https:\/\/www.willizblog.de\/blogpicts\/blumen2010_06_02.jpg\" alt=\"Nest einer Amsel in einer rankenden Pflanze\" width=\"270\" height=\"203\"><\/td>\n<\/tr>\n<tr>\n<td width=\"100%\" colspan=\"2\">\n<p align=\"center\"><font face=\"Lucida Grande, Lucida Sans Unicode, Verdana, sans-serif\" size=\"2\">Nest einer Amsel in einer rankenden Pflanze<\/font><\/td>\n<\/tr>\n<tr>\n<td width=\"50%\">\n<p align=\"center\"><img loading=\"lazy\" border=\"0\" src=\"https:\/\/www.willizblog.de\/blogpicts\/blumen2010_06_03.jpg\" alt=\"Mohnblumen\" width=\"270\" height=\"203\"><\/td>\n<td width=\"50%\">\n<p align=\"center\"><img loading=\"lazy\" border=\"0\" src=\"https:\/\/www.willizblog.de\/blogpicts\/blumen2010_06_04.jpg\" alt=\"Kornblumen\" width=\"270\" height=\"203\"><\/td>\n<\/tr>\n<tr>\n<td width=\"100%\" colspan=\"2\" align=\"center\"><font face=\"Lucida Grande, Lucida Sans Unicode, Verdana, sans-serif\" size=\"2\">Mohn- und Kornblumen im eigenen Garten<\/font><\/td>\n<\/tr>\n<\/table>\n","protected":false},"excerpt":{"rendered":"<p>Keinen Meter Luftlinie von unserem Briefkasten entfernt nisteten Amseln in einem die Hauswand hochrankenden Gew\u00e4chs. Sie lie\u00dfen sich kaum von uns st\u00f6ren. Wir waren aber auch bem\u00fcht, so wenig wie nur m\u00f6glich L\u00e4rm zu machen. Es ist bereits das zweite Mal, dass Amseln hier f\u00fcr ihre Brut Quartier bezogen. Im letzten Jahr diente zwischenzeitlich ein &hellip; <a href=\"https:\/\/willizblog.de\/?p=3090\" class=\"more-link\"><span class=\"screen-reader-text\">Amselnest und Feldblumen<\/span> weiterlesen <span class=\"meta-nav\">&rarr;<\/span><\/a><\/p>\n","protected":false},"author":1,"featured_media":0,"comment_status":"open","ping_status":"open","sticky":false,"template":"","format":"standard","meta":[],"categories":[16],"tags":[],"_links":{"self":[{"href":"https:\/\/willizblog.de\/index.php?rest_route=\/wp\/v2\/posts\/3090"}],"collection":[{"href":"https:\/\/willizblog.de\/index.php?rest_route=\/wp\/v2\/posts"}],"about":[{"href":"https:\/\/willizblog.de\/index.php?rest_route=\/wp\/v2\/types\/post"}],"author":[{"embeddable":true,"href":"https:\/\/willizblog.de\/index.php?rest_route=\/wp\/v2\/users\/1"}],"replies":[{"embeddable":true,"href":"https:\/\/willizblog.de\/index.php?rest_route=%2Fwp%2Fv2%2Fcomments&post=3090"}],"version-history":[{"count":0,"href":"https:\/\/willizblog.de\/index.php?rest_route=\/wp\/v2\/posts\/3090\/revisions"}],"wp:attachment":[{"href":"https:\/\/willizblog.de\/index.php?rest_route=%2Fwp%2Fv2%2Fmedia&parent=3090"}],"wp:term":[{"taxonomy":"category","embeddable":true,"href":"https:\/\/willizblog.de\/index.php?rest_route=%2Fwp%2Fv2%2Fcategories&post=3090"},{"taxonomy":"post_tag","embeddable":true,"href":"https:\/\/willizblog.de\/index.php?rest_route=%2Fwp%2Fv2%2Ftags&post=3090"}],"curies":[{"name":"wp","href":"https:\/\/api.w.org\/{rel}","templated":true}]}}