{"id":3096,"date":"2010-06-15T09:30:18","date_gmt":"2010-06-15T08:30:18","guid":{"rendered":"http:\/\/www.willizblog.de\/?p=3096"},"modified":"2010-06-15T09:30:18","modified_gmt":"2010-06-15T08:30:18","slug":"tutu-vuvuzela-jabulani","status":"publish","type":"post","link":"https:\/\/willizblog.de\/?p=3096","title":{"rendered":"Tutu, Vuvuzela &#038; Jabulani"},"content":{"rendered":"<p>Neben <a href=\"https:\/\/de.wikipedia.org\/wiki\/Nelson_Mandela\" target=\"_blank\">Nelson Mandela<\/a> ist der anglikanische Erzbischof <a href=\"https:\/\/de.wikipedia.org\/wiki\/Desmond_Tutu\" target=\"_blank\">Desmond Tutu<\/a> Symbolfigur der Schwarzen im Kampf gegen die Apartheid in S\u00fcdafrika geworden. 1984 wurde ihm f\u00fcr sein Engagement gegen die Apartheid der Friedensnobelpreis verliehen. Seit 1995 ist Tutu Vorsitzender der Wahrheits- und Vers\u00f6hnungskommission in S\u00fcdafrika. Tutu hat auch immer wieder Deutschland besucht, u.a. 2007 zum <a href=\"https:\/\/www.willizblog.de\/?p=873\" target=\"_blank\">Evangelischer Kirchentag in K\u00f6ln<\/a>.<\/p>\n<p>Am Vorabend des Er\u00f6ffnungsspiels der Fu\u00dfball-WM veranstaltete die FIFA am 10. Juni in Johannesburg ein gigantisches Konzert unter dem Motto <a href=\"http:\/\/www.zdf.de\/ZDFde\/inhalt\/13\/0,1872,8077613,00.html \" target=\"_blank\">S\u00fcdafrika begr\u00fc\u00dft die Fu\u00dfballwelt<\/a>. Das Konzert wurde auch im deutschen Fernsehen \u00fcbertragen und ist im Internet weiterhin aufrufbar (<a href=\"http:\/\/www.zdf.de\/ZDFmediathek\/content\/1067340\" target=\"_blank\">Zusammenschnitt<\/a> von ca. zwei Stunden Dauer). Neben bekannten Musikern und viel afrikanischer Musik hat auch ein Mann im Trikot der S\u00fcdafrikaner mit Pudelm\u00fctze und Fanschal seinen Auftritt: Desmond Tutu (ca. ab 53:40). Der Mann mit seinen fast 80 Jahren ist ein Unikum. Mit wenigen einfachen Worten sagt dieser Mann mehr als all die Schw\u00e4tzer dieser Welt. Und er hat dabei immer den Schalk im Nacken. Ich finde ihn einfach faszinierend in seiner bescheiden auftretenden Menschlichkeit. Und er vermittelt einem das Gef\u00fchl, wirklich in Afrika willkommen zu sein.<\/p>\n<p><img src=\"https:\/\/www.willizblog.de\/blogpicts\/wm2010_erzbischof_tutu.jpg\" alt=\"Desmond Tutu bei der WM 2010 in S\u00fcdafrika\" \/><\/p>\n<p>Ein Tag sp\u00e4ter ging es dann wirklich los mit der <a href=\"http:\/\/de.fifa.com\/index.html\" target=\"_blank\">Fu\u00dfball-Weltmeisterschaft 2010<\/a> in S\u00fcdafrika. Und auch wir als ferne Zuschauer am Bildschirm bekamen gleich mit, was uns die n\u00e4chsten vier Wochen erwartet: das Getr\u00f6te unz\u00e4hliger <a href=\"https:\/\/de.wikipedia.org\/wiki\/Vuvuzela\" target=\"_blank\">Vuvuzelas<\/a>, das sich wie ein Hornissenschwarm in unseren Geh\u00f6rg\u00e4ngen einnistet. Das zwischenzeitlich geplante Verbot dieser nervenraubenden und h\u00f6rsch\u00e4digenden Plastiktrompeten wurde wieder verworfen. Versuche, das durchdringende Ger\u00e4usch dadurch zu mindern, indem es herausgefiltert wird, scheiterten bisher. Es geh\u00f6rt zu dieser WM und wir m\u00fcssen damit leben (oder den Ton ausschalten).<\/p>\n<p>Ein <a href=\"http:\/\/newsticker.sueddeutsche.de\/list\/id\/1001400\" target=\"_blank\">weiteres \u00c4rgernis<\/a> stellt einmal wieder das offizielle Spielger\u00e4t dieser Weltmeisterschaft dar, der WM-Ball Jabulani, der rundeste Fu\u00dfball aller Zeiten. Selbst Weltfu\u00dfballer Lionel Messi \u00e4u\u00dferte seinen Frust \u00fcber das unheimliche Flatterwesen. Seine Unberechenbarkeit soll auch Schuld tragen an dem <a href=\"http:\/\/de.fifa.com\/worldcup\/highlights\/video\/video=1242481\/index.html\" target=\"_blank\">Schnitzer des englischen Torwarts, Robert Green,<\/a> im Spiel gegen die USA. Au\u00dferdem habe die DFB-Elf durch den WM-Ball Jabulani einen &#8222;unfairen Vorteil&#8220; gegen\u00fcber allen 31 Konkurrenten. Dies behauptet zumindest Englands Nationalspieler Jamie Carragher. &#8222;Die Deutschen spielen seit Februar mit dem Ball&#8220;, sagte der Abwehrspieler. &#8222;Der Ball ist vollkommen anders als andere. Das ist f\u00fcr alle Teams dasselbe &#8211; au\u00dfer vielleicht f\u00fcr Deutschland.&#8220; Tats\u00e4chlich fand das Premierenspiel mit dem Jabulani in der Bundesliga bereits am 4.Dezember 2009 beim Duell zwischen Bayern M\u00fcnchen und Borussia M\u00f6nchengladbach statt.<\/p>\n<p>Kurz noch etwas zum wirklich Sportlichen: Die deutsche Mannschaft schaffte einen gelungenen Einstand mit dem 4:0-Sieg gegen \u00fcberforderte Australier bei der WM. Und Miroslav Klose, von vielen Fans bereits zum Teufel geschickt, nutzte das in ihn gesteckte Vertrauen des Bundestrainers und machte \u201asein\u2019 Tor, ein Kopfballtor, wenn er auch andere hochprozentige Chancen auslie\u00df. Ob ihm damit aber endlich der Durchbruch gelungen ist, wird sich zeigen. Neben der deutschen Mannschaft konnte bisher lediglich Argentinien im Spiel gegen Nigeria \u00fcberzeugen. Ansonsten gab es viel Hausmannskost und auch schon reichlich viel Gekicke zum Abgew\u00f6hnen. Es sind eben nur eine Handvoll Mannschaften, die das Salz in der Suppe darstellen \u2013 und die schonen sich m\u00f6glichst noch, denn das Turnier ist lang (bis zum Finale sind es sieben Spiele).<\/p>\n","protected":false},"excerpt":{"rendered":"<p>Neben Nelson Mandela ist der anglikanische Erzbischof Desmond Tutu Symbolfigur der Schwarzen im Kampf gegen die Apartheid in S\u00fcdafrika geworden. 1984 wurde ihm f\u00fcr sein Engagement gegen die Apartheid der Friedensnobelpreis verliehen. Seit 1995 ist Tutu Vorsitzender der Wahrheits- und Vers\u00f6hnungskommission in S\u00fcdafrika. Tutu hat auch immer wieder Deutschland besucht, u.a. 2007 zum Evangelischer Kirchentag &hellip; <a href=\"https:\/\/willizblog.de\/?p=3096\" class=\"more-link\"><span class=\"screen-reader-text\">Tutu, Vuvuzela &#038; Jabulani<\/span> weiterlesen <span class=\"meta-nav\">&rarr;<\/span><\/a><\/p>\n","protected":false},"author":1,"featured_media":0,"comment_status":"open","ping_status":"open","sticky":false,"template":"","format":"standard","meta":[],"categories":[39],"tags":[],"_links":{"self":[{"href":"https:\/\/willizblog.de\/index.php?rest_route=\/wp\/v2\/posts\/3096"}],"collection":[{"href":"https:\/\/willizblog.de\/index.php?rest_route=\/wp\/v2\/posts"}],"about":[{"href":"https:\/\/willizblog.de\/index.php?rest_route=\/wp\/v2\/types\/post"}],"author":[{"embeddable":true,"href":"https:\/\/willizblog.de\/index.php?rest_route=\/wp\/v2\/users\/1"}],"replies":[{"embeddable":true,"href":"https:\/\/willizblog.de\/index.php?rest_route=%2Fwp%2Fv2%2Fcomments&post=3096"}],"version-history":[{"count":0,"href":"https:\/\/willizblog.de\/index.php?rest_route=\/wp\/v2\/posts\/3096\/revisions"}],"wp:attachment":[{"href":"https:\/\/willizblog.de\/index.php?rest_route=%2Fwp%2Fv2%2Fmedia&parent=3096"}],"wp:term":[{"taxonomy":"category","embeddable":true,"href":"https:\/\/willizblog.de\/index.php?rest_route=%2Fwp%2Fv2%2Fcategories&post=3096"},{"taxonomy":"post_tag","embeddable":true,"href":"https:\/\/willizblog.de\/index.php?rest_route=%2Fwp%2Fv2%2Ftags&post=3096"}],"curies":[{"name":"wp","href":"https:\/\/api.w.org\/{rel}","templated":true}]}}