{"id":3104,"date":"2010-06-21T10:30:21","date_gmt":"2010-06-21T09:30:21","guid":{"rendered":"http:\/\/www.willizblog.de\/?p=3104"},"modified":"2010-06-21T10:30:21","modified_gmt":"2010-06-21T09:30:21","slug":"unsere-neuen-%e2%80%9euntermieter%e2%80%9c","status":"publish","type":"post","link":"https:\/\/willizblog.de\/?p=3104","title":{"rendered":"Unsere neuen \u201eUntermieter\u201c"},"content":{"rendered":"<p>In unserem kleinen Haus (eine Doppelhaush\u00e4lfte) und im Garten hatten wir schon einige Untermieter. Neben <a href=\"https:\/\/www.willizblog.de\/?p=876\" target=\"_blank\">Igel und Grauschn\u00e4pper<\/a> haben sich bei uns <a href=\"https:\/\/www.willizblog.de\/?p=2039\" target=\"_blank\">Raupen, Libellen und Marienk\u00e4fer<\/a> und zuletzt auch ein <a href=\"https:\/\/www.willizblog.de\/?p=3090\" target=\"_blank\">Amselp\u00e4rchen<\/a> ein Quartier gesucht. Wespen und Hummeln hatten wir auch bereits (im Dachvorstand bzw. durch die L\u00fcftungsritzen im Mauerwerk). Jetzt sind es Erdhummeln, die sich einen Blumenk\u00fcbel f\u00fcr ihr Nest ausgesucht haben. Ob es sich dabei um <a href=\"https:\/\/de.wikipedia.org\/wiki\/Dunkle_Erdhummel\" target=\"_blank\">dunkle<\/a> oder <a href=\"https:\/\/de.wikipedia.org\/wiki\/Hellgelbe_Erdhummel\" target=\"_blank\">helle Erdhummeln<\/a> handelt, konnten wir nicht ausmachen, da beide Arten kaum zu unterscheiden sind.<\/p>\n<table border=\"0\" cellpadding=\"4\" cellspacing=\"0\" width=\"100%\">\n<tr>\n<td width=\"100%\" colspan=\"2\">\n<p align=\"center\"><img loading=\"lazy\" border=\"0\" src=\"https:\/\/www.willizblog.de\/blogpicts\/garten2010_hummel_01.jpg\" alt=\"Quartier unserer Untermieter: Erdhummeln\" width=\"270\" height=\"203\"><\/td>\n<\/tr>\n<tr>\n<td width=\"100%\" colspan=\"2\">\n<p align=\"center\"><font face=\"Lucida Grande, Lucida Sans Unicode, Verdana, sans-serif\" size=\"2\">Quartier unserer Untermieter: Erdhummeln<\/font><\/td>\n<\/tr>\n<tr>\n<td width=\"50%\">\n<p align=\"center\"><img loading=\"lazy\" border=\"0\" src=\"https:\/\/www.willizblog.de\/blogpicts\/garten2010_hummel_02.jpg\" alt=\"Unsere neuen Untermieter: Erdhummeln\" width=\"270\" height=\"203\"><\/td>\n<td width=\"50%\">\n<p align=\"center\"><img loading=\"lazy\" border=\"0\" src=\"https:\/\/www.willizblog.de\/blogpicts\/garten2010_hummel_03.jpg\" alt=\"Unsere neuen Untermieter: Erdhummeln\" width=\"270\" height=\"203\"><\/td>\n<\/tr>\n<\/table>\n","protected":false},"excerpt":{"rendered":"<p>In unserem kleinen Haus (eine Doppelhaush\u00e4lfte) und im Garten hatten wir schon einige Untermieter. Neben Igel und Grauschn\u00e4pper haben sich bei uns Raupen, Libellen und Marienk\u00e4fer und zuletzt auch ein Amselp\u00e4rchen ein Quartier gesucht. Wespen und Hummeln hatten wir auch bereits (im Dachvorstand bzw. durch die L\u00fcftungsritzen im Mauerwerk). Jetzt sind es Erdhummeln, die sich &hellip; <a href=\"https:\/\/willizblog.de\/?p=3104\" class=\"more-link\"><span class=\"screen-reader-text\">Unsere neuen \u201eUntermieter\u201c<\/span> weiterlesen <span class=\"meta-nav\">&rarr;<\/span><\/a><\/p>\n","protected":false},"author":1,"featured_media":0,"comment_status":"open","ping_status":"open","sticky":false,"template":"","format":"standard","meta":[],"categories":[16],"tags":[],"_links":{"self":[{"href":"https:\/\/willizblog.de\/index.php?rest_route=\/wp\/v2\/posts\/3104"}],"collection":[{"href":"https:\/\/willizblog.de\/index.php?rest_route=\/wp\/v2\/posts"}],"about":[{"href":"https:\/\/willizblog.de\/index.php?rest_route=\/wp\/v2\/types\/post"}],"author":[{"embeddable":true,"href":"https:\/\/willizblog.de\/index.php?rest_route=\/wp\/v2\/users\/1"}],"replies":[{"embeddable":true,"href":"https:\/\/willizblog.de\/index.php?rest_route=%2Fwp%2Fv2%2Fcomments&post=3104"}],"version-history":[{"count":0,"href":"https:\/\/willizblog.de\/index.php?rest_route=\/wp\/v2\/posts\/3104\/revisions"}],"wp:attachment":[{"href":"https:\/\/willizblog.de\/index.php?rest_route=%2Fwp%2Fv2%2Fmedia&parent=3104"}],"wp:term":[{"taxonomy":"category","embeddable":true,"href":"https:\/\/willizblog.de\/index.php?rest_route=%2Fwp%2Fv2%2Fcategories&post=3104"},{"taxonomy":"post_tag","embeddable":true,"href":"https:\/\/willizblog.de\/index.php?rest_route=%2Fwp%2Fv2%2Ftags&post=3104"}],"curies":[{"name":"wp","href":"https:\/\/api.w.org\/{rel}","templated":true}]}}