{"id":3117,"date":"2010-06-24T11:05:21","date_gmt":"2010-06-24T10:05:21","guid":{"rendered":"http:\/\/www.willizblog.de\/?p=3117"},"modified":"2010-06-24T09:14:14","modified_gmt":"2010-06-24T08:14:14","slug":"ehrung-fur-zivilcourage","status":"publish","type":"post","link":"https:\/\/willizblog.de\/?p=3117","title":{"rendered":"Ehrung f\u00fcr Zivilcourage"},"content":{"rendered":"<p>F\u00fcr ihren pers\u00f6nlichen Mut und ihr Verdienst um die Demokratie werden heute am Donnerstag (24.6.) in Hamburg B\u00fcrger mit der <a href=\"https:\/\/de.wikipedia.org\/wiki\/Herbert_Wehner\" target=\"_blank\">Herbert-Wehner<\/a>-Medaille geehrt. Die mit insgesamt 4000 Euro dotierte, nach dem fr\u00fcheren SPD-Politiker benannte Auszeichnung wird zum siebten Mal von der Dienstleistungsgewerkschaft ver.di verliehen, wie eine <a href=\"http:\/\/hamburg.verdi.de\/\" target=\"_blank\">ver.di<\/a>-Sprecherin am Dienstag mitteilte.<\/p>\n<p>Mit dem Preis w\u00fcrdige die Gewerkschaft Institutionen oder Menschen, die engagiert gegen rechtsradikale Aktivit\u00e4ten, Fremdenfeindlichkeit und Gleichg\u00fcltigkeit k\u00e4mpften und die durch ihr Engagement Vorbild seien. Den Festvortrag h\u00e4lt Hamburgs Ex-B\u00fcrgermeister <a href=\"https:\/\/de.wikipedia.org\/wiki\/Hans-Ulrich_Klose\" target=\"_blank\">Hans-Ulrich Klose<\/a> (SPD), der heute Wehners Wahlkreis Harburg im Bundestag vertritt. Die Verleihung findet im <a href=\"http:\/\/www.polittbuero.de\/\" target=\"_blank\">\u201ePolittb\u00fcro\u201c (Steindamm 45)<\/a> statt.<\/p>\n<p>Ausgezeichnet werden Timo Versemann und Jan Hendrik Saxe f\u00fcr ihre Zivilcourage in der Auseinandersetzung mit der rechtsradikalen Szene in der nieders\u00e4chsischen Gemeinde Tostedt in der Nordheide. Versemann und Saxe werden f\u00fcr ihren Widerstand gegen Neonaziaktivit\u00e4ten um den rechtsextremen Szeneladen \u00abstreetwear\u00bb in Tostedt geehrt. Sie hatten unter anderem im Mai 2009 einen Brief mit \u00fcber 400 Unterschriften junger Leute initiierten, der Lokalpolitiker zum Vorgehen gegen die rechte Szene aufforderte.<\/p>\n<p>Quelle: <a href=\"http:\/\/hamburg.verdi.de\/presse_hh\/pressemitteilungen\/showNews?id=3a943e56-7dd9-11df-7e35-0019b9e321e1\" target=\"_blank\">hamburg.verdi.de<\/a> u..a.<\/p>\n<p><img src=\"https:\/\/www.willizblog.de\/blogpicts\/nazi_laden_weg_aus_tostedt.jpg\" alt=\"Tamara Boos-Wagner mit Jan Hendrik Saxe, Timo Versemann und meinem Sohn Jan\" \/><br \/>\nTamara Boos-Wagner mit Jan Hendrik Saxe, Timo Versemann und meinem Sohn Jan<\/p>\n<p>Siehe hierzu meine Beitr\u00e4ge:<br \/>\n&#8211; <a href=\"https:\/\/www.willizblog.de\/?p=1711\" target=\"_blank\">Jugend-Initiative gegen Neo-Nazi-Laden in Tostedt<\/a><br \/>\n&#8211; <a href=\"https:\/\/www.willizblog.de\/?p=1731\" target=\"_blank\">Auf dem rechten Auge stark kurzsichtig<\/a><br \/>\n&#8211; <a href=\"https:\/\/www.willizblog.de\/?p=1749\" target=\"_blank\">Die Kirche zeigt Flagge gegen Rechts<\/a><br \/>\n&#8211; <a href=\"https:\/\/www.willizblog.de\/?p=1878\" target=\"_blank\">Resolution gegen Extremismus und Gewalt in Tostedt<\/a><\/p>\n","protected":false},"excerpt":{"rendered":"<p>F\u00fcr ihren pers\u00f6nlichen Mut und ihr Verdienst um die Demokratie werden heute am Donnerstag (24.6.) in Hamburg B\u00fcrger mit der Herbert-Wehner-Medaille geehrt. Die mit insgesamt 4000 Euro dotierte, nach dem fr\u00fcheren SPD-Politiker benannte Auszeichnung wird zum siebten Mal von der Dienstleistungsgewerkschaft ver.di verliehen, wie eine ver.di-Sprecherin am Dienstag mitteilte. Mit dem Preis w\u00fcrdige die Gewerkschaft &hellip; <a href=\"https:\/\/willizblog.de\/?p=3117\" class=\"more-link\"><span class=\"screen-reader-text\">Ehrung f\u00fcr Zivilcourage<\/span> weiterlesen <span class=\"meta-nav\">&rarr;<\/span><\/a><\/p>\n","protected":false},"author":1,"featured_media":0,"comment_status":"open","ping_status":"open","sticky":false,"template":"","format":"standard","meta":[],"categories":[11,2],"tags":[],"_links":{"self":[{"href":"https:\/\/willizblog.de\/index.php?rest_route=\/wp\/v2\/posts\/3117"}],"collection":[{"href":"https:\/\/willizblog.de\/index.php?rest_route=\/wp\/v2\/posts"}],"about":[{"href":"https:\/\/willizblog.de\/index.php?rest_route=\/wp\/v2\/types\/post"}],"author":[{"embeddable":true,"href":"https:\/\/willizblog.de\/index.php?rest_route=\/wp\/v2\/users\/1"}],"replies":[{"embeddable":true,"href":"https:\/\/willizblog.de\/index.php?rest_route=%2Fwp%2Fv2%2Fcomments&post=3117"}],"version-history":[{"count":0,"href":"https:\/\/willizblog.de\/index.php?rest_route=\/wp\/v2\/posts\/3117\/revisions"}],"wp:attachment":[{"href":"https:\/\/willizblog.de\/index.php?rest_route=%2Fwp%2Fv2%2Fmedia&parent=3117"}],"wp:term":[{"taxonomy":"category","embeddable":true,"href":"https:\/\/willizblog.de\/index.php?rest_route=%2Fwp%2Fv2%2Fcategories&post=3117"},{"taxonomy":"post_tag","embeddable":true,"href":"https:\/\/willizblog.de\/index.php?rest_route=%2Fwp%2Fv2%2Ftags&post=3117"}],"curies":[{"name":"wp","href":"https:\/\/api.w.org\/{rel}","templated":true}]}}