{"id":3135,"date":"2010-07-09T18:56:46","date_gmt":"2010-07-09T17:56:46","guid":{"rendered":"http:\/\/www.willizblog.de\/?p=3135"},"modified":"2010-07-09T18:56:46","modified_gmt":"2010-07-09T17:56:46","slug":"wie-viele-neue-rathauser-braucht-das-land","status":"publish","type":"post","link":"https:\/\/willizblog.de\/?p=3135","title":{"rendered":"Wie viele neue Rath\u00e4user braucht das Land?"},"content":{"rendered":"<p>Vor genau einer Woche weilte ich mit meinen beiden S\u00f6hnen auf einer kurzen Rheinreise in K\u00f6nigswinter. Was wir dort in einem Fenster in der Altstadt von K\u00f6nigswinter erblickten, brauchte uns dann wahrlich zum Lachen:<\/p>\n<p><img src=\"https:\/\/www.willizblog.de\/blogpicts\/rathausneubau_koenigswinter.jpg\" alt=\"Initiative: KEIN Rathausneubau in K\u00f6nigswinter!\" \/><br \/>\n<em>Wenn\u2019s dem Esel zu gut geht &#8230;<br \/>\n&#8230; will er ein neues Rathaus bauen.<br \/>\n<\/em><br \/>\nAlso nicht nur in der Samtgemeinde Tostedt (<a href=\"https:\/\/www.willizblog.de\/?p=3046\" target=\"_blank\">Erweiterungsbau Rathaus Tostedt<\/a>) k\u00e4mpft eine B\u00fcrgerinitiative gegen einen kostspieligen Rathausneubau. \u00dcbrigens: Wahrscheinlich im Herbst wird es zu dem B\u00fcrgerbegehren in Tostedt kommen, da der Samtgemeinderat nicht gewillt ist, seinen Beschluss vom 09.03.2010 zur\u00fcckzunehmen. Die Politiker hoffen insgeheim darauf, dass das B\u00fcrgerbegehren scheitert, da mindestens 25 % der wahlberechtigten B\u00fcrger f\u00fcr das Begehren stimmen m\u00fcssen. Wir werden sehen!<\/p>\n","protected":false},"excerpt":{"rendered":"<p>Vor genau einer Woche weilte ich mit meinen beiden S\u00f6hnen auf einer kurzen Rheinreise in K\u00f6nigswinter. Was wir dort in einem Fenster in der Altstadt von K\u00f6nigswinter erblickten, brauchte uns dann wahrlich zum Lachen: Wenn\u2019s dem Esel zu gut geht &#8230; &#8230; will er ein neues Rathaus bauen. Also nicht nur in der Samtgemeinde Tostedt &hellip; <a href=\"https:\/\/willizblog.de\/?p=3135\" class=\"more-link\"><span class=\"screen-reader-text\">Wie viele neue Rath\u00e4user braucht das Land?<\/span> weiterlesen <span class=\"meta-nav\">&rarr;<\/span><\/a><\/p>\n","protected":false},"author":1,"featured_media":0,"comment_status":"open","ping_status":"open","sticky":false,"template":"","format":"standard","meta":[],"categories":[12,11],"tags":[],"_links":{"self":[{"href":"https:\/\/willizblog.de\/index.php?rest_route=\/wp\/v2\/posts\/3135"}],"collection":[{"href":"https:\/\/willizblog.de\/index.php?rest_route=\/wp\/v2\/posts"}],"about":[{"href":"https:\/\/willizblog.de\/index.php?rest_route=\/wp\/v2\/types\/post"}],"author":[{"embeddable":true,"href":"https:\/\/willizblog.de\/index.php?rest_route=\/wp\/v2\/users\/1"}],"replies":[{"embeddable":true,"href":"https:\/\/willizblog.de\/index.php?rest_route=%2Fwp%2Fv2%2Fcomments&post=3135"}],"version-history":[{"count":0,"href":"https:\/\/willizblog.de\/index.php?rest_route=\/wp\/v2\/posts\/3135\/revisions"}],"wp:attachment":[{"href":"https:\/\/willizblog.de\/index.php?rest_route=%2Fwp%2Fv2%2Fmedia&parent=3135"}],"wp:term":[{"taxonomy":"category","embeddable":true,"href":"https:\/\/willizblog.de\/index.php?rest_route=%2Fwp%2Fv2%2Fcategories&post=3135"},{"taxonomy":"post_tag","embeddable":true,"href":"https:\/\/willizblog.de\/index.php?rest_route=%2Fwp%2Fv2%2Ftags&post=3135"}],"curies":[{"name":"wp","href":"https:\/\/api.w.org\/{rel}","templated":true}]}}