{"id":3149,"date":"2010-07-13T15:54:39","date_gmt":"2010-07-13T14:54:39","guid":{"rendered":"http:\/\/www.willizblog.de\/?p=3149"},"modified":"2010-07-13T15:54:39","modified_gmt":"2010-07-13T14:54:39","slug":"hitze-und-tornados","status":"publish","type":"post","link":"https:\/\/willizblog.de\/?p=3149","title":{"rendered":"Hitze und Tornados"},"content":{"rendered":"<p>Vor knapp zwei Wochen machte ich mit meinen S\u00f6hnen einen Ausflug nach D\u00fcsseldorf mit Abstecher an den Rhein bei K\u00f6nigswinter. Und bereits da lie\u00df uns die Hitze von \u00fcber 35 \u00b0 C tags\u00fcber reichlich schwitzen und in den tropischen N\u00e4chten kaum schlafen. Auf der R\u00fcckfahrt von K\u00f6nigswinter nach K\u00f6ln und weiter nach D\u00fcsseldorf erlebten wir in den Doppeldeckerz\u00fcgen der Deutschen Bahn \u00c4hnliches wie Sch\u00fcler, die sich auf dem R\u00fcckweg von einer Klassenfahrt nach Berlin befanden und in einem <a href=\"http:\/\/www.heute.de\/ZDFheute\/inhalt\/15\/0,3672,8089167,00.html\" target=\"_blank\">ICE, dessen Klimaanlage ausgefallen<\/a> war, eine <a href=\"http:\/\/www.heute.de\/ZDFheute\/inhalt\/9\/0,3672,8089033,00.html\" target=\"_blank\">dramatische Hitzeschlacht<\/a> bestreiten durften. Okay, die Klimaanlage funktioniert wohl noch in den Regionalexpress-Z\u00fcgen, kam aber gegen die Hitze in den Z\u00fcgen nur unzurechend an, sodass man im eigenen Saft schmorte. Diese Doppeldeckerz\u00fcge haben wohl insgesamt bei gro\u00dfer Hitze ihre Schwierigkeiten. Auch im Metronom, der u.a. zwischen Hamburg und Bremen verkehrt, ist schon \u00f6fter in einigen Wagen die Klimaanlage ausgefallen \u2013 zweimal habe ich das kurzzeitig miterleben d\u00fcrfen: Eine Sauna ist nichts dagegen.<\/p>\n<p>Nach der gro\u00dfen Hitze sind es dann meist kurze, aber heftige Unwetter, die zz. Deutschland heimsuchen. Wir hier in Tostedt zwischen Hamburg und Bremen hatten bisher Gl\u00fcck im Ungl\u00fcck \u2013 bis auf kurze Regenschauer, die mit Sturmb\u00f6en einhergingen, wurden wir bisher verschont. Anders z.B. <a href=\"https:\/\/www.willizblog.de\/?p=1449\" target=\"_blank\">auf Helgoland<\/a>, wo ein Tornado gro\u00dfe Sch\u00e4den auf der Helgol\u00e4nder D\u00fcne anrichtete. Der <a href=\"http:\/\/www.stern.de\/panorama\/helgoland-tornado-verwuestet-campingplatz-1582797.html\" target=\"_blank\">Campingplatz auf Deutschlands einziger Hochseeinsel wurde verw\u00fcstet<\/a>, 85 Prozent der Zelte mitgerissen. Es gab elf Verletzte, wie ein Sprecher der Feuerwehr sagte. Die meisten von ihnen h\u00e4tten Knochenbr\u00fcche davongetragen. Zwei Schwerverletzte wurden per Rettungshubschrauber in Kliniken auf dem Festland geflogen. Etwa 100 Menschen hatten sich auf dem Campingplatz aufgehalten. Die Hauptinsel blieb vom Sturm verschont. Nachdem der Tornado abgeklungen war, wurden die Camper mit Booten dorthin gebracht. 40 von ihnen verbrachten die Nacht in einer Schule.<\/p>\n<table border=\"0\" cellpadding=\"4\" cellspacing=\"0\" width=\"100%\">\n<tr>\n<td width=\"50%\">\n<p align=\"center\"><img loading=\"lazy\" border=\"0\" src=\"https:\/\/www.willizblog.de\/blogpicts\/helgoland_duene_tornado_2010_01.jpg\" alt=\"Tornado \u00fcber Helgoland (D\u00fcne) 12.06.2010\" width=\"270\" height=\"203\"><\/td>\n<td width=\"50%\">\n<p align=\"center\"><img loading=\"lazy\" border=\"0\" src=\"https:\/\/www.willizblog.de\/blogpicts\/helgoland_duene_tornado_2010_02.jpg\" alt=\"Tornado \u00fcber Helgoland (D\u00fcne) 12.06.2010\" width=\"270\" height=\"203\"><\/td>\n<\/tr>\n<tr>\n<td width=\"100%\" colspan=\"2\">\n<p align=\"center\"><font face=\"Lucida Grande, Lucida Sans Unicode, Verdana, sans-serif\" size=\"2\">Tornado \u00fcber Helgoland 12.06.2010 (Zerst\u00f6rung des Campingplatzes auf D\u00fcne)<\/font><\/td>\n<\/tr>\n<tr>\n<td width=\"50%\">\n<p align=\"center\"><img loading=\"lazy\" border=\"0\" src=\"https:\/\/www.willizblog.de\/blogpicts\/helgoland_duene_tornado_2010_03.jpg\" alt=\"Tornado \u00fcber Helgoland (D\u00fcne) 12.06.2010\" width=\"270\" height=\"203\"><\/td>\n<td width=\"50%\">\n<p align=\"center\"><img loading=\"lazy\" border=\"0\" src=\"https:\/\/www.willizblog.de\/blogpicts\/helgoland_duene_tornado_2010_04.jpg\" alt=\"Tornado \u00fcber Helgoland (D\u00fcne) 12.06.2010\" width=\"270\" height=\"203\"><\/td>\n<\/tr>\n<\/table>\n<p>Es gibt inzwischen auch schon einige Tote zu beklagen, die meist von umst\u00fcrzenden B\u00e4umen erschlagen wurden. Hier weitere Berichte zu den Unwettern in Norddeutschland auf <a href=\"http:\/\/www.ndr.de\/nachrichten\/unwetter188.html\" target=\"_blank\">ndr.de<\/a>.<\/p>\n<p>\u00dcbrigens: Schlechte Nachrichten sollte man sich hier bei uns am besten auf Plattdeutsch mitteilen lassen, da klingt alles nur noch halb so schlimm: <strong>Norichten op platt<\/strong> vom 13.07.2010 &#8211; 08:30 Uhr:<\/p>\n<p><em>Na dat Unwedder \u00f6ber Nordd\u00fc\u00fctschland, s\u00fcnd se an vele Steen in Gang un r\u00fc\u00fcmt op. Bi dulle Gewidder hebbt in Neddersassen \u00fcmfallen B\u00f6\u00f6m twee Froonsl\u00fc\u00fcd dootslaan. In K\u00f6ln is en Fro dootbleben, ehr hett en LKW faatkregen, as se sik j\u00fcst mit ehren Roller in en \u00dcnnerf\u00f6hrung schulen wull. Op Helgoland geev\u00b4t en Fallb\u00f6e. En Campingplatz is nu komplett toschannen. \u00d6lben Minschen s\u00fcnd dorbi to Schaden kamen.<\/em><\/p>\n","protected":false},"excerpt":{"rendered":"<p>Vor knapp zwei Wochen machte ich mit meinen S\u00f6hnen einen Ausflug nach D\u00fcsseldorf mit Abstecher an den Rhein bei K\u00f6nigswinter. Und bereits da lie\u00df uns die Hitze von \u00fcber 35 \u00b0 C tags\u00fcber reichlich schwitzen und in den tropischen N\u00e4chten kaum schlafen. Auf der R\u00fcckfahrt von K\u00f6nigswinter nach K\u00f6ln und weiter nach D\u00fcsseldorf erlebten wir &hellip; <a href=\"https:\/\/willizblog.de\/?p=3149\" class=\"more-link\"><span class=\"screen-reader-text\">Hitze und Tornados<\/span> weiterlesen <span class=\"meta-nav\">&rarr;<\/span><\/a><\/p>\n","protected":false},"author":1,"featured_media":0,"comment_status":"open","ping_status":"open","sticky":false,"template":"","format":"standard","meta":[],"categories":[16],"tags":[],"_links":{"self":[{"href":"https:\/\/willizblog.de\/index.php?rest_route=\/wp\/v2\/posts\/3149"}],"collection":[{"href":"https:\/\/willizblog.de\/index.php?rest_route=\/wp\/v2\/posts"}],"about":[{"href":"https:\/\/willizblog.de\/index.php?rest_route=\/wp\/v2\/types\/post"}],"author":[{"embeddable":true,"href":"https:\/\/willizblog.de\/index.php?rest_route=\/wp\/v2\/users\/1"}],"replies":[{"embeddable":true,"href":"https:\/\/willizblog.de\/index.php?rest_route=%2Fwp%2Fv2%2Fcomments&post=3149"}],"version-history":[{"count":0,"href":"https:\/\/willizblog.de\/index.php?rest_route=\/wp\/v2\/posts\/3149\/revisions"}],"wp:attachment":[{"href":"https:\/\/willizblog.de\/index.php?rest_route=%2Fwp%2Fv2%2Fmedia&parent=3149"}],"wp:term":[{"taxonomy":"category","embeddable":true,"href":"https:\/\/willizblog.de\/index.php?rest_route=%2Fwp%2Fv2%2Fcategories&post=3149"},{"taxonomy":"post_tag","embeddable":true,"href":"https:\/\/willizblog.de\/index.php?rest_route=%2Fwp%2Fv2%2Ftags&post=3149"}],"curies":[{"name":"wp","href":"https:\/\/api.w.org\/{rel}","templated":true}]}}