{"id":3171,"date":"2010-07-21T17:06:40","date_gmt":"2010-07-21T16:06:40","guid":{"rendered":"http:\/\/www.willizblog.de\/?p=3171"},"modified":"2010-07-21T18:06:58","modified_gmt":"2010-07-21T17:06:58","slug":"urlaubstage-in-dusseldorf-2010","status":"publish","type":"post","link":"https:\/\/willizblog.de\/?p=3171","title":{"rendered":"Urlaubstage in D\u00fcsseldorf 2010"},"content":{"rendered":"<p>Drei Wochen ist es nun fast wieder her, dass ich mit meinen beiden S\u00f6hnen einen Kurztrip nach D\u00fcsseldorf machte. Heute ist bereits mein letzter Urlaubstag, dann geht es wieder an die &#8230; (nur nicht daran denken, was f\u00fcr ein Mist da auf mich wartet).<\/p>\n<p>Eigentlich war eine <a href=\"https:\/\/www.willizblog.de\/?p=2645\" target=\"_blank\">Rhein-Mosel-Tour<\/a> geplant. Neben dem Aufenthalt in D\u00fcsseldorf wollten wir uns l\u00e4ngere Zeit am Rhein aufhalten und hatten bereits in Bacharach eine Ferienwohnung gebucht. Nun kam alles anders als geplant. Aber ich wollte wenigstens die kurze Reise nach D\u00fcsseldorf nicht abblasen. Meine Jungs haben sich das ja r\u00e4tlich verdient.<\/p>\n<p>W\u00e4hrend unseres Aufenthalts in D\u00fcsseldorf war noch die Fu\u00dfball-Weltmeisterschaft in S\u00fcdafrika im vollen Gange. Au\u00dferdem war es in der Stadt br\u00fctend-hei\u00df, also fast nur am luftigen Rhein ertr\u00e4glich. In der Altstadt sammelten sich zu den Spielen Hunderte von Menschen, um die Spiele bei Fernseh\u00fcbertragungen zu verfolgen. Dazu geh\u00f6rte nat\u00fcrlich ein gepflegtes Altbier.<\/p>\n<p>Nat\u00fcrlich g\u00f6nnten auch wir uns das eine oder andere Alt, aber schon der W\u00e4rme wegen erst am Abend und in Ma\u00dfen. Und da es so warm war und wir noch etwas mehr vom Rhein sehen wollte, so nutzten wir einen Tag, um \u00fcber K\u00f6ln und Bonn nach K\u00f6nigswinter zu fahren und dort den Drachenfels zu erklimmen (davon sp\u00e4ter mehr).<\/p>\n<table border=\"0\" cellpadding=\"4\" cellspacing=\"0\" width=\"100%\">\n<tr>\n<td width=\"50%\">\n<p align=\"center\"><img loading=\"lazy\" border=\"0\" src=\"https:\/\/www.willizblog.de\/blogpicts\/duesseldorf_2010_07_01.jpg\" alt=\"K\u00f6nigsallee D\u00fcsseldorf\" width=\"270\" height=\"203\"><\/td>\n<td width=\"50%\">\n<p align=\"center\"><img loading=\"lazy\" border=\"0\" src=\"https:\/\/www.willizblog.de\/blogpicts\/duesseldorf_2010_07_02.jpg\" alt=\"K\u00f6nigsallee D\u00fcsseldorf\" width=\"270\" height=\"203\"><\/td>\n<\/tr>\n<tr>\n<td width=\"100%\" colspan=\"2\">\n<p align=\"center\"><font face=\"Lucida Grande, Lucida Sans Unicode, Verdana, sans-serif\" size=\"2\">K\u00f6nigsallee D\u00fcsseldorf<\/font><\/td>\n<\/tr>\n<tr>\n<td width=\"50%\">\n<p align=\"center\"><img loading=\"lazy\" border=\"0\" src=\"https:\/\/www.willizblog.de\/blogpicts\/duesseldorf_2010_07_03.jpg\" alt=\"D\u00fcsseldorf am Rhein\" width=\"270\" height=\"203\"><\/td>\n<td width=\"50%\">\n<p align=\"center\"><img loading=\"lazy\" border=\"0\" src=\"https:\/\/www.willizblog.de\/blogpicts\/duesseldorf_2010_07_04.jpg\" alt=\"D\u00fcsseldorfer Radschl\u00e4ger\" width=\"270\" height=\"203\"><\/td>\n<\/tr>\n<tr>\n<td width=\"50%\">\n<p align=\"center\"><font face=\"Lucida Grande, Lucida Sans Unicode, Verdana, sans-serif\" size=\"2\">D\u00fcsseldorf am Rhein<\/font><\/td>\n<td width=\"50%\">\n<p align=\"center\"><font face=\"Lucida Grande, Lucida Sans Unicode, Verdana, sans-serif\" size=\"2\">D\u00fcsseldorfer Radschl\u00e4ger<\/font><\/td>\n<\/tr>\n<tr>\n<td width=\"50%\">\n<p align=\"center\"><img loading=\"lazy\" border=\"0\" src=\"https:\/\/www.willizblog.de\/blogpicts\/duesseldorf_2010_07_05.jpg\" alt=\"In der Altstadt\" width=\"270\" height=\"203\"><\/td>\n<td width=\"50%\">\n<p align=\"center\"><img loading=\"lazy\" border=\"0\" src=\"https:\/\/www.willizblog.de\/blogpicts\/duesseldorf_2010_07_06.jpg\" alt=\"In der Altstadt\" width=\"270\" height=\"203\"><\/td>\n<\/tr>\n<tr>\n<td width=\"100%\" colspan=\"2\">\n<p align=\"center\"><font face=\"Lucida Grande, Lucida Sans Unicode, Verdana, sans-serif\" size=\"2\">In der Altstadt von D\u00fcsseldorf<\/font><\/td>\n<\/tr>\n<tr>\n<td width=\"50%\">\n<p align=\"center\"><img loading=\"lazy\" border=\"0\" src=\"https:\/\/www.willizblog.de\/blogpicts\/duesseldorf_2010_07_07.jpg\" alt=\"In der Altstadt auf ein Alt\" width=\"270\" height=\"203\"><\/td>\n<td width=\"50%\">\n<p align=\"center\"><img loading=\"lazy\" border=\"0\" src=\"https:\/\/www.willizblog.de\/blogpicts\/duesseldorf_2010_07_08.jpg\" alt=\"In der Altstadt\" width=\"270\" height=\"203\"><\/td>\n<\/tr>\n<tr>\n<td width=\"50%\">\n<p align=\"center\"><font face=\"Lucida Grande, Lucida Sans Unicode, Verdana, sans-serif\" size=\"2\">In der Altstadt auf ein Alt<\/font><\/td>\n<td width=\"50%\">\n<p align=\"center\"><font face=\"Lucida Grande, Lucida Sans Unicode, Verdana, sans-serif\" size=\"2\">In der Altstadt<\/font><\/td>\n<\/tr>\n<\/table>\n","protected":false},"excerpt":{"rendered":"<p>Drei Wochen ist es nun fast wieder her, dass ich mit meinen beiden S\u00f6hnen einen Kurztrip nach D\u00fcsseldorf machte. Heute ist bereits mein letzter Urlaubstag, dann geht es wieder an die &#8230; (nur nicht daran denken, was f\u00fcr ein Mist da auf mich wartet). Eigentlich war eine Rhein-Mosel-Tour geplant. Neben dem Aufenthalt in D\u00fcsseldorf wollten &hellip; <a href=\"https:\/\/willizblog.de\/?p=3171\" class=\"more-link\"><span class=\"screen-reader-text\">Urlaubstage in D\u00fcsseldorf 2010<\/span> weiterlesen <span class=\"meta-nav\">&rarr;<\/span><\/a><\/p>\n","protected":false},"author":1,"featured_media":0,"comment_status":"open","ping_status":"open","sticky":false,"template":"","format":"standard","meta":[],"categories":[10],"tags":[],"_links":{"self":[{"href":"https:\/\/willizblog.de\/index.php?rest_route=\/wp\/v2\/posts\/3171"}],"collection":[{"href":"https:\/\/willizblog.de\/index.php?rest_route=\/wp\/v2\/posts"}],"about":[{"href":"https:\/\/willizblog.de\/index.php?rest_route=\/wp\/v2\/types\/post"}],"author":[{"embeddable":true,"href":"https:\/\/willizblog.de\/index.php?rest_route=\/wp\/v2\/users\/1"}],"replies":[{"embeddable":true,"href":"https:\/\/willizblog.de\/index.php?rest_route=%2Fwp%2Fv2%2Fcomments&post=3171"}],"version-history":[{"count":0,"href":"https:\/\/willizblog.de\/index.php?rest_route=\/wp\/v2\/posts\/3171\/revisions"}],"wp:attachment":[{"href":"https:\/\/willizblog.de\/index.php?rest_route=%2Fwp%2Fv2%2Fmedia&parent=3171"}],"wp:term":[{"taxonomy":"category","embeddable":true,"href":"https:\/\/willizblog.de\/index.php?rest_route=%2Fwp%2Fv2%2Fcategories&post=3171"},{"taxonomy":"post_tag","embeddable":true,"href":"https:\/\/willizblog.de\/index.php?rest_route=%2Fwp%2Fv2%2Ftags&post=3171"}],"curies":[{"name":"wp","href":"https:\/\/api.w.org\/{rel}","templated":true}]}}