{"id":3183,"date":"2010-07-24T10:52:21","date_gmt":"2010-07-24T09:52:21","guid":{"rendered":"http:\/\/www.willizblog.de\/?p=3183"},"modified":"2010-07-23T09:59:20","modified_gmt":"2010-07-23T08:59:20","slug":"wechselfieber","status":"publish","type":"post","link":"https:\/\/willizblog.de\/?p=3183","title":{"rendered":"Wechselfieber"},"content":{"rendered":"<p>Kaum ist die Fu\u00dfballweltmeisterschaft in S\u00fcdafrika beendet, da dreht sich einmal wieder das Transferkarussell auf dem <a href=\"http:\/\/www.transfermarkt.de\/de\/\" target=\"_blank\">Spielermarkt<\/a>. Einige Transfers waren schon zuvor eingeleitet und werden jetzt klar Schiff gemacht, andere werden hei\u00df diskutiert und sind noch lange nicht unter Dach und Fach.<\/p>\n<p>Auch in der <a href=\"http:\/\/fussball.zdf.de\/ZDFsport\/inhalt\/0\/0,5676,8091168,00.html\" target=\"_blank\">Bundesliga<\/a> grassiert das Wechselfieber. Michael Ballack, der von Chelsea nach Leverkusen wechselt, ist vielleicht der namhafteste, aber wohl noch nicht spektakul\u00e4rste Neuzugang. Da wechselt von den aktuellen Nationalspielern J\u00e9r\u00f4me Boateng f\u00fcr 12.500.000 \u20ac vom HSV zu Manchester City und im Gegenzug kommt Heiko Westermann  von Schalke 04 zum HSV f\u00fcr 7.500.000 \u20ac. Auch der VfL Wolfsburg vermeldet Wechsel, die nicht ganz billig sind und holt sich f\u00fcr 12.000.000 \u20ac Simon Kj\u00e6r von US Palermo und Mario Mandzukic von Dinamo Zagreb f\u00fcr 7.000.000 \u20ac &#8211; daf\u00fcr geht Obafemi Martins zu Rubin Kazan f\u00fcr 9.000.000 \u20ac.<\/p>\n<p>Und beim SV Werder Bremen? Der Wiener Marko Arnautovic wechselt offiziell mit 1. Juli von Twente Enschede zum deutschen Topklub Werder Bremen. Sportdirektor Klaus Allofs lie\u00df f\u00fcr den 21-J\u00e4hrigen, der in der letzten Saison an Inter Mailand verliehen wurde und noch ein Jahr Vertrag bei den Niederl\u00e4ndern besa\u00df, 6,2 Millionen Euro springen und machte Arnautovic damit zum teuersten \u00d6FB-Akteur aller Zeiten. F\u00fcr den f\u00fcnffachem Teamspieler ist der Wechsel an die Weser ein Neubeginn nach einer verkorksten Saison unter Starcoach Jos\u00e9 Mourinho und die Chance auf die Etablierung in einer europ\u00e4ischen Topliga, nachdem es beim Champions-League-Sieger nicht klappte.<\/p>\n<p>Die bisher teuerste Fehlinvestition der Bremer, Carlos Alberto, damals f\u00fcr 8,5 Millionen \u20ac geholt, wechselt nun endg\u00fcltig zum CR Vasco da Gama abl\u00f6sefrei, die ihn bisher ausgeliehen hatten. Hoffentlich konnte man in Bremen mit den Ausleihpr\u00e4mien die verfehlte Geldanlage wieder halbwegs wettmachen. Au\u00dferdem geht Martin Harnik zum VfB Stuttgart f\u00fcr 300.000 \u20ac (war ausgeliehen an Fortuna D\u00fcsseldorf) und Aymen Abdennour  zur\u00fcck zu Etoile Sportive du Sahel (er war bisher von Werder ausgeliehen).<\/p>\n<p>Gro\u00dfes R\u00e4tselraten gibt es nach wie vor um <a href=\"http:\/\/www.transfermarkt.de\/de\/mesut-oezil\/profil\/spieler_35664.html\" target=\"_blank\">Mesut \u00d6zil<\/a>, den 21-j\u00e4hrigen offensiven Mittelfeldspieler, der es immerhin in die Liste der <a href=\"http:\/\/de.fifa.com\/worldcup\/awards\/goldenball\/shortlist.html\" target=\"_blank\">10 Anw\u00e4rter f\u00fcr den Goldenen Ball<\/a> (bester Spieler) bei der Fu\u00dfball-WM in S\u00fcdafrika geschafft hat und dessen Marktwert seit dem bis auf 27.000.000 \u20ac gestiegen ist (siehe auch meine Beitr\u00e4ge aus 2009: <a href=\"https:\/\/www.willizblog.de\/?p=1787\" target=\"_blank\">Das Spieler-Karussell dreht sich wieder: Diego geht nach Turin<\/a> &#8212; <a href=\"https:\/\/www.willizblog.de\/?p=2130\" target=\"_blank\">Poker um Mesut Ozil<\/a>).<\/p>\n<p>Hier die letzten Meldungen zu \u00d6zil aus der Ger\u00fcchtek\u00fcche:<\/p>\n<p><em>17.07.2010:<\/em> Werder Bremens Clubchef Klaus Allofs rechnet mit Angeboten f\u00fcr Fu\u00dfball-Nationalspieler Mesut \u00d6zil und zeigt sich erstmals verhandlungsbereit. \u00abIch kann mir schon vorstellen, dass in den n\u00e4chsten Wochen oder kurz vor Ende der Transferfrist der ein oder andere Verein versuchen wird, konkret zu werden\u00bb, sagte Allofs gegen\u00fcber Journalisten. Noch gibt es nach Angaben des Werder-Chefs aber keine offizielle Anfrage.<\/p>\n<p><em>17.07.2010:<\/em> Nach Sami Khedira hat Real Madrid nun angeblich auch Mesut \u00d6zil und Mario Gomez im Visier. Wie die Sportzeitung \u00abAs\u00bb am Samstag berichtete, habe der spanische Fu\u00dfball-Rekordmeister eine Verpflichtung des Spielmachers von Werder Bremen bereits in die Wege geleitet. Vergangene Woche seien drei Berater \u00d6zils mit Real- Generaldirektor Jorge Valdano, Sportdirektor Miguel Pardeza und Marketingchef Jos\u00e9 Angel S\u00e1nchez zusammengekommen. Demnach verlange Werder eine Abl\u00f6se von 16 Millionen Euro.<\/p>\n<p><em>21.07.2010:<\/em> Nach Manchester United und Real Madrid soll Inter Mailand nun der n\u00e4chste europ\u00e4ische Top-Verein sein, der sich um die Dienste von Mesut \u00d6zil (Foto) bem\u00fcht. Laut \u201eSport Bild\u201c-Informationen sollen die \u201eNerazzurri\u201c in den Transfer-Poker um den Werder-Profi eingestiegen sein. Rafael Ben\u00edtez, aktueller Trainer des Triple-Gewinners Inter Mailand, soll bereits vor einem Jahr an einer Verpflichtung des 21-j\u00e4hrigen Mittelfeldspielers interessiert gewesen sein. Ben\u00edtez h\u00e4tte \u00d6zil damals gerne zu seinem damaligen Club FC Liverpool geholt.<\/p>\n<p>Werder-Sportdirektor Klaus Allofs ist in der Zwickm\u00fchle. Werder Bremen z\u00e4hlt zwar inzwischen zu den Top-20-Clubs in Europa, hat aber nur wenige finanzielle Polster, um namhafte Spieler zu halten. Zwar will man \u00d6zil gern in Bremen halten. Aber dieser hat bisher nicht signalisiert, die ihm angebotene Vertragsverl\u00e4ngerung zu unterzeichnen. Damit l\u00e4uft sein Vertrag Mitte 2011 aus. Bleibt \u00d6zil ohne Vertragsverl\u00e4ngerung, so guckt Werder am Ende der neuen Saison in die R\u00f6hre was Transfereinnahmen f\u00fcr ihn betrifft, \u00d6zil k\u00f6nnte abl\u00f6sefrei wechseln. Dann bleibt nur ein baldiger Wechsel zu einem gro\u00dfen Club wie Real Madrid, damit sich die Kassen der Bremer f\u00fcllen. Bremen m\u00fcsste ohne ihn weiterplanen. Als Werder-Fan darf man gespannt sein, wie Allofs die Aufgabe l\u00f6st. Ich f\u00fcrchte aber, dass \u00d6zil kein weiteres Spiel f\u00fcr den SV Werder Bremen mehr machen wird. Schade drum!<\/p>\n<p><strong>Ach ja und noch eins:<\/strong> <a href=\"http:\/\/www.transfermarkt.de\/de\/kfc-uerdingen-05-laesst-stuermer-ailton-ziehen\/news\/anzeigen_43167.html\" target=\"_blank\">Ailton<\/a> kehrt wahrscheinlich nach Bremen zur\u00fcck, allerdings nicht zum SV Werder Bremen, sondern zum Regionalligisten FC Oberneuland. Der KFC Uerdingen 05 hat dem Wunsch von Ailton entsprochen und den Vertrag des 37-j\u00e4hrigen Brasilianers vorzeitig aufgel\u00f6st.<\/p>\n","protected":false},"excerpt":{"rendered":"<p>Kaum ist die Fu\u00dfballweltmeisterschaft in S\u00fcdafrika beendet, da dreht sich einmal wieder das Transferkarussell auf dem Spielermarkt. Einige Transfers waren schon zuvor eingeleitet und werden jetzt klar Schiff gemacht, andere werden hei\u00df diskutiert und sind noch lange nicht unter Dach und Fach. Auch in der Bundesliga grassiert das Wechselfieber. Michael Ballack, der von Chelsea nach &hellip; <a href=\"https:\/\/willizblog.de\/?p=3183\" class=\"more-link\"><span class=\"screen-reader-text\">Wechselfieber<\/span> weiterlesen <span class=\"meta-nav\">&rarr;<\/span><\/a><\/p>\n","protected":false},"author":1,"featured_media":0,"comment_status":"open","ping_status":"open","sticky":false,"template":"","format":"standard","meta":[],"categories":[27],"tags":[],"_links":{"self":[{"href":"https:\/\/willizblog.de\/index.php?rest_route=\/wp\/v2\/posts\/3183"}],"collection":[{"href":"https:\/\/willizblog.de\/index.php?rest_route=\/wp\/v2\/posts"}],"about":[{"href":"https:\/\/willizblog.de\/index.php?rest_route=\/wp\/v2\/types\/post"}],"author":[{"embeddable":true,"href":"https:\/\/willizblog.de\/index.php?rest_route=\/wp\/v2\/users\/1"}],"replies":[{"embeddable":true,"href":"https:\/\/willizblog.de\/index.php?rest_route=%2Fwp%2Fv2%2Fcomments&post=3183"}],"version-history":[{"count":0,"href":"https:\/\/willizblog.de\/index.php?rest_route=\/wp\/v2\/posts\/3183\/revisions"}],"wp:attachment":[{"href":"https:\/\/willizblog.de\/index.php?rest_route=%2Fwp%2Fv2%2Fmedia&parent=3183"}],"wp:term":[{"taxonomy":"category","embeddable":true,"href":"https:\/\/willizblog.de\/index.php?rest_route=%2Fwp%2Fv2%2Fcategories&post=3183"},{"taxonomy":"post_tag","embeddable":true,"href":"https:\/\/willizblog.de\/index.php?rest_route=%2Fwp%2Fv2%2Ftags&post=3183"}],"curies":[{"name":"wp","href":"https:\/\/api.w.org\/{rel}","templated":true}]}}