{"id":3190,"date":"2010-07-26T11:01:50","date_gmt":"2010-07-26T10:01:50","guid":{"rendered":"http:\/\/www.willizblog.de\/?p=3190"},"modified":"2010-07-26T08:41:23","modified_gmt":"2010-07-26T07:41:23","slug":"ein-ehrenvoller-abgang-sieht-anders-aus","status":"publish","type":"post","link":"https:\/\/willizblog.de\/?p=3190","title":{"rendered":"Ein ehrenvoller Abgang sieht anders aus"},"content":{"rendered":"<p>Zum dritten Mal hei\u00dft der Sieger der <a href=\"https:\/\/de.wikipedia.org\/wiki\/Tour_de_France_2010\" target=\"_blank\">Tour de France<\/a> <a href=\"https:\/\/de.wikipedia.org\/wiki\/Alberto_Contador\" target=\"_blank\">Alberto Contador<\/a>. Er wiederholte damit seinen Sieg vom Vorjahr, musste aber bis zuletzt gegen seinen Rivalen <a href=\"https:\/\/de.wikipedia.org\/wiki\/Andy_Schleck\" target=\"_blank\">Andy Schleck<\/a> aus Luxemburg um den Sieg k\u00e4mpfen.<\/p>\n<p>Wohl zum letzten Mal nahm der US-Amerikaner und siebenfache Tour de France-Sieger <a href=\"https:\/\/de.wikipedia.org\/wiki\/Lance_Armstrong\" target=\"_blank\">Lance Amstrong<\/a> an der Frankreich-Rundfahrt teil. Mit seinem 23. Platz und fast 40 Minuten R\u00fcckstand auf den Sieger war Armstrong allerdings nur noch <a href=\"http:\/\/www.zdf.de\/ZDFmediathek\/content\/1098164\" target=\"_blank\">ein Schatten seiner selbst<\/a>. Mit Armstrong tritt einer der umstrittensten Sportler von der B\u00fchne ab (siehe auch meinen Beitrag zur Tour 2009: <a href=\"https:\/\/www.willizblog.de\/?p=1948\" target=\"_blank\">Weiter auf Tour<\/a>).<\/p>\n<p>Bemerkenswert ist zun\u00e4chst, dass 1996 <a href=\"https:\/\/de.wikipedia.org\/wiki\/Lance_Armstrong#Krebserkrankung\" target=\"_blank\">bei Armstrong Hodenkrebs<\/a> im fortgeschrittenen Stadium diagnostiziert wurde, es hatten sich bereits Lymphknotenmetastasen im Bauchraum sowie in der Lunge und zwei Tumore im Gehirn gebildet. Zwei Operationen und eine vier Zyklen beinhaltende Chemotherapie schlossen sich an, die Krebserkrankung konnte schlie\u00dflich erfolgreich behandelt werden. Der rechte Hoden musste operativ entfernt werden. H\u00e4tte Armstrong die \u00fcbliche Chemotherapie (PEB) gew\u00e4hlt, so w\u00e4re an eine Fortsetzung seiner Radsportkarriere nicht zu denken gewesen; so ist eine der Nebenwirkungen eines der Wirkstoffe eine potentielle Verringerung der Lungenkapazit\u00e4t. Aus diesem Grund entschloss sich Armstrong f\u00fcr eine im Behandlungszeitraum wesentlich belastendere Chemotherapie (VIP), welche jedoch keine Auswirkungen auf seine langfristige Leistungsf\u00e4higkeit hatte.<\/p>\n<p>Trotz dieser schweren Krebserkrankung kehrte Lance Armstrong im Fr\u00fchjahr 1998 in den Radsport zur\u00fcck und gewann 1999 erstmals die Tour de France sowie vier einzelne Etappen. Auf den Bergetappen und besonders im Zeitfahren baute er seinen Vorsprung kontinuierlich aus. Armstrongs Sieg wurde weltweit als das \u201eComeback des Jahrhunderts\u201c gefeiert.<\/p>\n<p>Aber schon fr\u00fch wurde Armstrong bezichtigt, <a href=\"https:\/\/de.wikipedia.org\/wiki\/Lance_Armstrong#Dopingvorw.C3.BCrfe\" target=\"_blank\">gedopt<\/a> zu haben. Unter anderem beschuldigte Armstrongs fr\u00fcherer Teamkameraden und der ehemalige Tour-de-France-Sieger <a href=\"https:\/\/de.wikipedia.org\/wiki\/Greg_LeMond\" target=\"_blank\">Greg LeMond<\/a> Armstrong des Dopings mittels <a href=\"https:\/\/de.wikipedia.org\/wiki\/Erythropoetin\" target=\"_blank\">EPO (Erythropoetin)<\/a>. Der sp\u00e4ter disqualifizierte Tour-Sieger 2006, <a href=\"https:\/\/de.wikipedia.org\/wiki\/Floyd_Landis\" target=\"_blank\">Floyd Landis<\/a>, <a href=\"http:\/\/www.spiegel.de\/sport\/sonst\/0,1518,695805,00.html\" target=\"_blank\">erneuerte diese Vorw\u00fcrfe<\/a>. <em>&#8222;Diese Anschuldigungen sind es nicht wert, kommentiert zu werden. Ich verschwende nicht meine Zeit&#8220;<\/em>, reagierte Armstrong auf die ihn belastenden Aussagen von Landis.<\/p>\n<p>Inzwischen <a href=\"http:\/\/doping.zdf.de\/ZDFsport\/inhalt\/28\/0,5676,8074908,00.html\" target=\"_blank\">droht Armstrong wirklich \u00c4rger<\/a>: Wie die &#8222;New York Times&#8220; berichtet, k\u00f6nnten sich die Doping-Untersuchungen der US-Beh\u00f6rden gegen Armstrong und anderer von Landis der Einnahme unerlaubter Mittel beschuldigter Fahrer wom\u00f6glich auf weitere Kriminal-Ermittlungen ausweiten. Die Tageszeitung zitiert zwei in die Untersuchungen eingebundene, nicht namentlich erw\u00e4hnte, Personen, die betonen, dass die staatlichen Ermittler erw\u00e4gen, den Fall um die Punkte Betr\u00fcgerei und Verschw\u00f6rung auszudehnen.<\/p>\n<p><a href=\"http:\/\/tour.zdf.de\/ZDFsport\/inhalt\/6\/0,5676,8090726,00.html\" target=\"_blank\">Greg LeMond bezichtigt inzwischen Armstrong<\/a> der versuchten Bestechung und wirft zugleich der <a href=\"https:\/\/de.wikipedia.org\/wiki\/Union_Cycliste_Internationale\" target=\"_blank\">UCI<\/a>, dem internationale Radsport-Verband, mafi\u00f6se Strukturen vor: &#8222;Er und seine Leute waren meiner Meinung nach mit das Schlimmste, was dem Radsport passiert ist.&#8220;<\/p>\n<p><a href=\"http:\/\/www.zdf.de\/ZDFmediathek\/content\/1089368\" target=\"_blank\">Statt eine gefeierte Abschiedsvorstellung<\/a> bei der Frankreich-Rundfahrt zu geben, musste sich Armstrong nahezu <a href=\"http:\/\/tour.zdf.de\/ZDFsport\/inhalt\/1\/0,5676,8089441,00.html\" target=\"_blank\">t\u00e4glich mit neuen Vorw\u00fcrfen<\/a> auseinandersetzen. &#8222;Er wird sich inzwischen vielleicht auch fragen, ob er h\u00e4tte zur\u00fcckkommen sollen&#8220;, meint Tony Martin, ein deutscher Nachwuchsfahrer.<\/p>\n<p>Sicherlich ist Armstrong ein Beispiel daf\u00fcr, dass sich Krebs bek\u00e4mpfen l\u00e4sst. Aber er ist gleichzeitig eine zwiesp\u00e4ltige Pers\u00f6nlichkeit, die nur den Erfolg sieht und daf\u00fcr alles zu tun bereit ist. Warum er noch einmal zur Tour de France zur\u00fcckgekehrt ist, ist wohl sein pers\u00f6nliches Geheimnis. Vor einem Jahr schaffte er es noch aufs Treppchen und erreichte den 3. Platz. Glaubte er wirklich, in diesem Jahr die Tour noch einmal und damit zum 8. Mal gewinnen zu k\u00f6nnen? Neben Skrupellosigkeit ist es wohl Gr\u00f6\u00dfenwahn, der Armstrongs Charakter pr\u00e4gt. Es wird endlich Zeit, dass man ihn seiner Taten \u00fcberf\u00fchrt und er den Denkzettel erh\u00e4lt, der ihm zusteht.<\/p>\n","protected":false},"excerpt":{"rendered":"<p>Zum dritten Mal hei\u00dft der Sieger der Tour de France Alberto Contador. Er wiederholte damit seinen Sieg vom Vorjahr, musste aber bis zuletzt gegen seinen Rivalen Andy Schleck aus Luxemburg um den Sieg k\u00e4mpfen. Wohl zum letzten Mal nahm der US-Amerikaner und siebenfache Tour de France-Sieger Lance Amstrong an der Frankreich-Rundfahrt teil. Mit seinem 23. &hellip; <a href=\"https:\/\/willizblog.de\/?p=3190\" class=\"more-link\"><span class=\"screen-reader-text\">Ein ehrenvoller Abgang sieht anders aus<\/span> weiterlesen <span class=\"meta-nav\">&rarr;<\/span><\/a><\/p>\n","protected":false},"author":1,"featured_media":0,"comment_status":"open","ping_status":"open","sticky":false,"template":"","format":"standard","meta":[],"categories":[4],"tags":[],"_links":{"self":[{"href":"https:\/\/willizblog.de\/index.php?rest_route=\/wp\/v2\/posts\/3190"}],"collection":[{"href":"https:\/\/willizblog.de\/index.php?rest_route=\/wp\/v2\/posts"}],"about":[{"href":"https:\/\/willizblog.de\/index.php?rest_route=\/wp\/v2\/types\/post"}],"author":[{"embeddable":true,"href":"https:\/\/willizblog.de\/index.php?rest_route=\/wp\/v2\/users\/1"}],"replies":[{"embeddable":true,"href":"https:\/\/willizblog.de\/index.php?rest_route=%2Fwp%2Fv2%2Fcomments&post=3190"}],"version-history":[{"count":0,"href":"https:\/\/willizblog.de\/index.php?rest_route=\/wp\/v2\/posts\/3190\/revisions"}],"wp:attachment":[{"href":"https:\/\/willizblog.de\/index.php?rest_route=%2Fwp%2Fv2%2Fmedia&parent=3190"}],"wp:term":[{"taxonomy":"category","embeddable":true,"href":"https:\/\/willizblog.de\/index.php?rest_route=%2Fwp%2Fv2%2Fcategories&post=3190"},{"taxonomy":"post_tag","embeddable":true,"href":"https:\/\/willizblog.de\/index.php?rest_route=%2Fwp%2Fv2%2Ftags&post=3190"}],"curies":[{"name":"wp","href":"https:\/\/api.w.org\/{rel}","templated":true}]}}