{"id":3213,"date":"2010-08-02T13:12:11","date_gmt":"2010-08-02T12:12:11","guid":{"rendered":"http:\/\/www.willizblog.de\/?p=3213"},"modified":"2010-08-02T13:17:31","modified_gmt":"2010-08-02T12:17:31","slug":"soll-erfullt","status":"publish","type":"post","link":"https:\/\/willizblog.de\/?p=3213","title":{"rendered":"Soll erf\u00fcllt"},"content":{"rendered":"<p>Bei der <a href=\"https:\/\/de.wikipedia.org\/wiki\/Leichtathletik-Europameisterschaft_2010\" target=\"_blank\">Europameisterschaft der Leichtathleten<\/a> in Barcelona vom 27. Juli bis 1. August 2010 hat die deutsche Mannschaft insgesamt 16 Medaillen errungen und liegt in der Mannschaftswertung auf Platz vier. Obwohl nicht alle Athleten und Athletinnen die Erwartungen erf\u00fcllt haben, die in sie gesteckt waren, kann man sagen, dass das Team als Ganzes das Soll erf\u00fcllt hat und am Ende sogar mehr Medaillen nach Hause bringt als gedacht. Denn es gab auch die eine oder andere positive \u00dcberraschung (z.B. die beiden Silbermedaillen \u00fcber 1500 m und im Sperrwerfen der M\u00e4nner durch Carsten Schlangen bzw. Matthias de Zordo). Entt\u00e4uschend war das Abschneiden u.a. im Hammerwurf, sowohl bei den Frauen als auch M\u00e4nnern.<\/p>\n<p>\u00dcberflieger dieser EM war der franz\u00f6sische Sprinter <a href=\"https:\/\/de.wikipedia.org\/wiki\/Christophe_Lemaitre\" target=\"_blank\">Christophe Lemaitre<\/a>. Der erst 20-J\u00e4hrige gewann dreimal Gold, sowohl \u00fcber 100 m, 200 m und als Schlussl\u00e4ufer der 4-100m-Staffel. Bestes Ergebnis eines Deutschen war die 8,47 m im Weitsprung der M\u00e4nner durch <a href=\"https:\/\/de.wikipedia.org\/wiki\/Christian_Reif\" target=\"_blank\">Christian Reif<\/a> am letzten Wettkampftag.<\/p>\n<p>Eigentlich wollte ich hier noch einiges zu <a href=\"http:\/\/www.deutscher-leichtathletik-verband.de\/index.php?SiteID=190\" target=\"_blank\">Normen, Richtlinien<\/a> und insbesondere zur Sportf\u00f6rderung schreiben. Aber das ist ein weites Feld und meine Zeit erlaubt es nicht, auf die Schnelle die n\u00f6tigen Informationen hierzu zu recherchieren. Aber selbst als Laie kann man sich vorstellen, welche Auswirkungen der Gewinn einer Medaille oder andersherum das Versagen eines Athleten bei der Vergabe von F\u00f6rdergelder z.B. aus der <a href=\"https:\/\/www.sporthilfe.de\/\" target=\"_blank\">Deutschen Sporthilfe<\/a> haben, denn <strong>die Leistungen der Sportler bei internationalen Wettk\u00e4mpfen sind dabei das entscheidende Kriterium, im Nachwuchsbereich wird insbesondere die Leistungsperspektive ber\u00fccksichtigt<\/strong>, wie es bei der <a href=\"https:\/\/www.sporthilfe.de\/Wie_wir_foerdern.dsh?ActiveID=1048\" target=\"_blank\">Deutschen Sporthilfe<\/a> hei\u00dft.<\/p>\n","protected":false},"excerpt":{"rendered":"<p>Bei der Europameisterschaft der Leichtathleten in Barcelona vom 27. Juli bis 1. August 2010 hat die deutsche Mannschaft insgesamt 16 Medaillen errungen und liegt in der Mannschaftswertung auf Platz vier. Obwohl nicht alle Athleten und Athletinnen die Erwartungen erf\u00fcllt haben, die in sie gesteckt waren, kann man sagen, dass das Team als Ganzes das Soll &hellip; <a href=\"https:\/\/willizblog.de\/?p=3213\" class=\"more-link\"><span class=\"screen-reader-text\">Soll erf\u00fcllt<\/span> weiterlesen <span class=\"meta-nav\">&rarr;<\/span><\/a><\/p>\n","protected":false},"author":1,"featured_media":0,"comment_status":"open","ping_status":"open","sticky":false,"template":"","format":"standard","meta":[],"categories":[4],"tags":[],"_links":{"self":[{"href":"https:\/\/willizblog.de\/index.php?rest_route=\/wp\/v2\/posts\/3213"}],"collection":[{"href":"https:\/\/willizblog.de\/index.php?rest_route=\/wp\/v2\/posts"}],"about":[{"href":"https:\/\/willizblog.de\/index.php?rest_route=\/wp\/v2\/types\/post"}],"author":[{"embeddable":true,"href":"https:\/\/willizblog.de\/index.php?rest_route=\/wp\/v2\/users\/1"}],"replies":[{"embeddable":true,"href":"https:\/\/willizblog.de\/index.php?rest_route=%2Fwp%2Fv2%2Fcomments&post=3213"}],"version-history":[{"count":0,"href":"https:\/\/willizblog.de\/index.php?rest_route=\/wp\/v2\/posts\/3213\/revisions"}],"wp:attachment":[{"href":"https:\/\/willizblog.de\/index.php?rest_route=%2Fwp%2Fv2%2Fmedia&parent=3213"}],"wp:term":[{"taxonomy":"category","embeddable":true,"href":"https:\/\/willizblog.de\/index.php?rest_route=%2Fwp%2Fv2%2Fcategories&post=3213"},{"taxonomy":"post_tag","embeddable":true,"href":"https:\/\/willizblog.de\/index.php?rest_route=%2Fwp%2Fv2%2Ftags&post=3213"}],"curies":[{"name":"wp","href":"https:\/\/api.w.org\/{rel}","templated":true}]}}