{"id":3233,"date":"2010-08-11T00:29:38","date_gmt":"2010-08-10T23:29:38","guid":{"rendered":"http:\/\/www.willizblog.de\/?p=3233"},"modified":"2010-08-19T12:00:18","modified_gmt":"2010-08-19T11:00:19","slug":"werder-in-der-bredouille","status":"publish","type":"post","link":"https:\/\/willizblog.de\/?p=3233","title":{"rendered":"Werder in der Bredouille"},"content":{"rendered":"<p>So langsam kommt zus\u00e4tzliche Bewegung in den Transfermarkt des europ\u00e4ischen und damit auch deutschen Fu\u00dfballs (siehe auch meinen Beitrag <a href=\"https:\/\/www.willizblog.de\/?p=3183\" target=\"_blank\">Wechselfieber<\/a>), u.a. lautet eine Frage, ob der Ex-Werder-Spieler <a href=\"http:\/\/sport.zdf.de\/ZDFsport\/inhalt\/30\/0,5676,8097502,00.html\" target=\"_blank\">Diego von Juventus Turin nach Wolfsburg<\/a> geht?<\/p>\n<p>Ja Werder?! Ich m\u00f6chte zz. nicht in der Haut von Manager <a href=\"https:\/\/de.wikipedia.org\/wiki\/Klaus_Allofs\" target=\"_blank\">Klaus Allofs<\/a> stecken, denn an Bord der Bremer herrscht m\u00e4chtig Unruhe \u2013 und noch wei\u00df wenige Tage vor Beginn der neuen Saison keiner genau, wer das Schiff verl\u00e4sst und wer neu anheuert. In <a href=\"https:\/\/www.willizblog.de\/?p=3183\" target=\"_blank\">meinem Beitrag<\/a> schrieb ich u.a.: <em>Ich f\u00fcrchte &#8230;, dass \u00d6zil kein weiteres Spiel f\u00fcr den SV Werder Bremen mehr machen wird. Schade drum!<\/em><\/p>\n<p>Ja \u00d6zil?! Gern w\u00fcrde man ihn in Bremen weiter Fu\u00dfball spielen sehen. Er ist zwar aus dem Urlaub <a href=\"http:\/\/fussball.zdf.de\/ZDFsport\/inhalt\/19\/0,5676,8095443,00.html\" target=\"_blank\">ins Trainingslager zu Werder zur\u00fcckgekehrt<\/a> und beteuerte, seinen <a href=\"http:\/\/www1.ndr.de\/sport\/fussball\/oezil192.html\" target=\"_blank\">Vertrag mit dem SV Werder zu erf\u00fcllen<\/a>, aber seine neuesten Aussagen zum Verbleib in Bremen (siehe <a href=\"http:\/\/www3.ndr.de\/sendungen\/sportclub\/sportclub1300.html\" target=\"_blank\">NDR-Video<\/a>) sind wage und deuten eigentlich nur daraufhin, dass er in kurzer Zeit den Verein verl\u00e4sst. An eine Vertragsverl\u00e4ngerung glaubt wohl selbst Klaus Allofs nicht mehr. Dann w\u00e4re ein baldiger Wechsel von \u00d6zil allerdings das Beste \u2013 f\u00fcr Werder allein schon wegen der Transfereinnahmen. Nach dem neuesten Ger\u00fccht k\u00f6nnte es nun doch der FC Barcelona sein, der \u00d6zil verpflichtet, da der eigentliche Wunschkandidat Francesc &#8222;Cesc&#8220; Fabregas, den die Katalanen gern zum Nachfolger des 30-j\u00e4hrigen Spielmachers Xavi machen wollten, vom FC Arsenal nicht freigegeben wird. Will \u00d6zil also nicht verl\u00e4ngern, so sollte er gehen. Der Fall Klose (sein Wechsel zu Bayern M\u00fcnchen) hat gezeigt, dass Spieler, die den Verein wechseln wollen, nicht mehr bei der Sache sind. So lieber ohne \u00d6zil als nur mit einem halben auf dem Platz. \u00d6zil also zum FC Barcelona &#8211; vieles spricht daf\u00fcr.<\/p>\n<p>siehe auch zdf.de: <a href=\"http:\/\/www.zdf.de\/ZDFmediathek\/content\/1088172\" target=\"_blank\">Mesut \u00d6zil als Mutmacher und Vorbild<\/a><\/p>\n<p>Und Per Mertesacker?! Hier gibt es auch weiterhin Ger\u00fcchte, dass er zu <a href=\"http:\/\/www.transfermarkt.de\/de\/per-mertesacker-zu-arsenal\/topic\/ansicht_154_976793_seite1.html\" target=\"_blank\">Arsenal London wechseln<\/a> k\u00f6nnte. Allerdings scheint nicht viel dran zu sein. Wie es aussieht, <a href=\"http:\/\/www.transfermarkt.de\/de\/werder-chef-allofs-mertesacker-bleibt-bei-werder\/news\/anzeigen_43761.html\" target=\"_blank\">bleibt Mertesacker in Bremen<\/a>. Wie steht es dagegen mit <a href=\"http:\/\/www.kreiszeitung.de\/sport\/fussball\/werder-bremen\/raetsel-naldo-867012.html\" target=\"_blank\">Naldo?<\/a> Probleme bereitet nach wie vor sein Knie. Keiner wei\u00df, wann er wieder einsatzbereit sein wird.<\/p>\n<p>Wenn \u00d6zil geht, wer kommt dann als Ersatz? L\u00e4ngere Zeit schon im Gespr\u00e4ch ist <a href=\"http:\/\/www.transfermarkt.de\/de\/wesley-zu-werder-bremen\/topic\/ansicht_154_977168_seite1.html\" target=\"_blank\">Wesley<\/a>, der noch beim FC Santos in Brasilien unter Vertrag steht. Er ist Wunschkandidat der Bremer \u2013 allerdings ist neuerdings auch <a href=\"http:\/\/www.kreiszeitung.de\/sport\/fussball\/werder-bremen\/allofs-weiss-jetzt-wirds-wesley-noch-schwieriger-868131.html\" target=\"_blank\">Benfica Lissabon<\/a> an ihn interessiert.<\/p>\n<p>Nein, Allofs hat es diesmal nicht leicht. Und Trainer <a href=\"https:\/\/de.wikipedia.org\/wiki\/Thomas_Schaaf\" target=\"_blank\">Thomas Schaaf<\/a>  hat mit Neuzugang Marko Arnautovic ein <a href=\"http:\/\/fussball.zdf.de\/ZDFsport\/inhalt\/24\/0,5676,8097400,00.html\" target=\"_blank\">schwarzes Schaf an Bord<\/a> der SV Werder bekommen. Der Trainer verdonnerte den 21 Jahre alten \u00d6sterreicher im Trainingslager zu einem Straftraining. Der Sechs-Millionen-Neuzugang von Twente Enschede, der zuletzt an Inter Mailand ausgeliehen war, hatte eine Schiedsrichterentscheidung von Schaaf nicht akzeptieren wollen und den Ball weggeschlagen. Zuvor hatte Torsten Frings in seinem Interview schon Kritik an Arnautovic ge\u00e4u\u00dfert. &#8222;Marko ist technisch gut und schnell, hat aber auch eine eigenwillige Art, die er einen Tick weit ablegen muss &#8211; gerade in Bremen.&#8220; Ich kann mir nicht helfen, aber dieser Arnautovic scheint mir der richtige Lackaffe zu sein, eine Dumpfbacke ohne Gleichen, der nicht zu Werder passt. Wer hat diesen Mann nur nach Bremen geholt?<\/p>\n<p>Jener Marko Arnautovic bot dann auch am Wochenende im <a href=\"http:\/\/www.weser-kurier.de\/Artikel\/Werder\/Nachrichten-Spielberichte\/210484\/Tadel+nach+der+Fulham-Niederlage.html\" target=\"_blank\">Spiel beim FC Fulham<\/a> eine indiskutable Leistung (Allofs O-Ton: <em>\u201eOhne diese Bereitschaft f\u00fcrs Team gibt es<\/em> [f\u00fcr Arnautovic] <em>keine Zukunft bei Werder.\u201c<\/em>). Leider nicht nur er, denn nach einer guten ersten Halbzeit (Pizarro hatte Werder 1:0 in F\u00fchrung gebracht), war die Mannschaft wohl von allen guten Geistern verlassen und wurde noch mit 5:1 abgestraft. Die Generalprobe f\u00fcr die neue Saison ging in London also v\u00f6llig daneben.<\/p>\n<p>Ganz nebenbei: Ich frage mich, was eigentlich mit <a href=\"https:\/\/de.wikipedia.org\/wiki\/Jurica_Vranje%C5%A1\" target=\"_blank\">Jurica Vranje\u0161<\/a> ist?<\/p>\n<p>Nach dem er in der Hinrunde der Saison 2009\/10 nicht eingesetzt wurde, ist er in der Winterpause ab 01.02.10 zu Gen\u00e7lerbirligi Ankara bis Saisonende ausgeliehen worden. Im Sommer kehrte er nach Bremen zur\u00fcck, wo er nur noch mit der zweiten Mannschaft trainieren darf. Spielberechtigt ist er f\u00fcr diese jedoch nicht. Vorausgegangen waren kritische \u00c4u\u00dferungen \u00fcber Bremens Trainer Thomas Schaaf nach seinem Wechsel nach Ankara.<\/p>\n<p>Meldung vom 22.07.2010: <a href=\"http:\/\/www.kreiszeitung.de\/sport\/fussball\/werder-bremen\/split-vranjes-dran-849826.html\" target=\"_blank\">Split an Vranjes dran<\/a>: Der Abschied r\u00fcckt n\u00e4her: Jurica Vranjes hat in Hajduk Split endlich einen Club gefunden, der ihn verpflichten will. \u201eEs gibt Interesse\u201c, best\u00e4tigte der bei Werder aufs Abstellgleis geschobene Kroate gestern gegen\u00fcber dieser Zeitung: \u201eWenn alles passt, kann es passieren. Split ist attraktiv f\u00fcr mich.\u201c<\/p>\n<p>Ger\u00fccht des Tages vom 27.07.: Die Verantwortlichen von Hertha BSC denken angeblich \u00fcber eine Verpflichtung von Jurica Vranjes nach. Das berichtet die \u201eB.Z.\u201c (Inzwischen hat die Hertha aber den Bremer <a href=\"http:\/\/www.kreiszeitung.de\/sport\/fussball\/werder-bremen\/niemeyer-heute-nach-berlin-870997.html\" target=\"_blank\">Peter Niemeyer nach Berlin<\/a> geholt. Wieder ein Bremer Mittelfeldspieler weniger, wenn Niemeyer zun\u00e4chst auch nur ausgeliehen ist)<\/p>\n<p>Vranjes d\u00fcrfte also zu Hajduk Split gehen &#8230;<\/p>\n<p><strong>Nachtrag:<\/strong> Kaum habe ich meinen Beitrag geschrieben, \u00fcberschlagen sich die Meldungen im Fall Transfer \u00d6zil-Barca (es wird spannend &#8211; im Gespr\u00e4ch ist \u00fcbrigens eine Tranfersumme von 12-15 Millionen):<\/p>\n<p>1. Der FC Barcelona steht nach Berichten der katalanischen Sportpresse dicht vor einer Verpflichtung von Mesut \u00d6zil. &#8222;Sport&#8220; und &#8222;El Mundo Deportivo&#8220; berichten \u00fcbereinstimmend, ein Wechsel des Profis von Werder Bremen zum spanischen Meister sei &#8222;fast perfekt&#8220;. Mit dem Mittelfeldspieler h\u00e4tten die Katalanen Einigkeit \u00fcber einen Vierjahresvertrag erzielt. Allerdings habe sich Barca-Coach Guardiola noch nicht abschlie\u00dfend zu einem \u00d6zil-Transfer ge\u00e4u\u00dfert. Auch laut der Tageszeitung &#8222;El Pais&#8220; stehe eine Einigung \u00fcber einen Wechsel \u00d6zils f\u00fcr rund zehn Millionen Euro unmittelbar bevor.<\/p>\n<p>2. Werder Bremen hat spanischen Medienberichten widersprochen, wonach Mesut \u00d6zil unmittelbar vor einem Wechsel zum FC Barcelona steht. &#8222;Die Meldung ist falsch. Es gibt keine Gespr\u00e4che und kein Angebot vom FC Barcelona&#8220;, sagte Werders Mediendirektor Tino Polster. Die Sportbl\u00e4tter &#8222;Sport&#8220; und &#8222;El Mundo Deportivo&#8220; sowie die Tageszeitung &#8222;El Pais&#8220; hatten zuvor \u00fcbereinstimmend berichtet, ein Wechsel \u00d6zils zum spanischen Meister sei fast perfekt. \u00d6zil selbst \u00e4u\u00dferte sich zur\u00fcckhaltend. &#8222;Davon wei\u00df ich nichts. \u00dcber andere Vereine rede ich auch nicht&#8220;, sagte der Mittelfeldspieler.<\/p>\n<p>3. Die Variante &#8230;, dass Barca jetzt \u00d6zil f\u00fcr ca. 12-15 Mio. kauft &#038; ihn dann 1 Jahr an Werder ausleiht, um ihn nicht aus seinem Umfeld herauszurei\u00dfen und seine Entwicklung verfolgen zu k\u00f6nnen, ist am sinnvollsten. Nach der Leihe k\u00f6nnte \u00d6zil dann zu Barca und Xavi ersetzen.<\/p>\n<p>4. <a href=\"http:\/\/www.sport1.de\/de\/fussball\/fussball_bundesliga\/artikel_272863.html\" target=\"_blank\">???<\/a><\/p>\n<p>Weiteres Video bei zdf.de: <a href=\"http:\/\/www.zdf.de\/ZDFmediathek\/content\/1110434\" target=\"_blank\"><strong>Werder Bremens Sorgenspieler<\/strong><\/a><\/p>\n","protected":false},"excerpt":{"rendered":"<p>So langsam kommt zus\u00e4tzliche Bewegung in den Transfermarkt des europ\u00e4ischen und damit auch deutschen Fu\u00dfballs (siehe auch meinen Beitrag Wechselfieber), u.a. lautet eine Frage, ob der Ex-Werder-Spieler Diego von Juventus Turin nach Wolfsburg geht? Ja Werder?! Ich m\u00f6chte zz. nicht in der Haut von Manager Klaus Allofs stecken, denn an Bord der Bremer herrscht m\u00e4chtig &hellip; <a href=\"https:\/\/willizblog.de\/?p=3233\" class=\"more-link\"><span class=\"screen-reader-text\">Werder in der Bredouille<\/span> weiterlesen <span class=\"meta-nav\">&rarr;<\/span><\/a><\/p>\n","protected":false},"author":1,"featured_media":0,"comment_status":"open","ping_status":"open","sticky":false,"template":"","format":"standard","meta":[],"categories":[27],"tags":[83,69,84,67],"_links":{"self":[{"href":"https:\/\/willizblog.de\/index.php?rest_route=\/wp\/v2\/posts\/3233"}],"collection":[{"href":"https:\/\/willizblog.de\/index.php?rest_route=\/wp\/v2\/posts"}],"about":[{"href":"https:\/\/willizblog.de\/index.php?rest_route=\/wp\/v2\/types\/post"}],"author":[{"embeddable":true,"href":"https:\/\/willizblog.de\/index.php?rest_route=\/wp\/v2\/users\/1"}],"replies":[{"embeddable":true,"href":"https:\/\/willizblog.de\/index.php?rest_route=%2Fwp%2Fv2%2Fcomments&post=3233"}],"version-history":[{"count":0,"href":"https:\/\/willizblog.de\/index.php?rest_route=\/wp\/v2\/posts\/3233\/revisions"}],"wp:attachment":[{"href":"https:\/\/willizblog.de\/index.php?rest_route=%2Fwp%2Fv2%2Fmedia&parent=3233"}],"wp:term":[{"taxonomy":"category","embeddable":true,"href":"https:\/\/willizblog.de\/index.php?rest_route=%2Fwp%2Fv2%2Fcategories&post=3233"},{"taxonomy":"post_tag","embeddable":true,"href":"https:\/\/willizblog.de\/index.php?rest_route=%2Fwp%2Fv2%2Ftags&post=3233"}],"curies":[{"name":"wp","href":"https:\/\/api.w.org\/{rel}","templated":true}]}}