{"id":3250,"date":"2010-08-19T10:24:27","date_gmt":"2010-08-19T09:24:27","guid":{"rendered":"http:\/\/www.willizblog.de\/?p=3250"},"modified":"2010-08-19T11:50:11","modified_gmt":"2010-08-19T10:50:11","slug":"tag-eins-nach-ozil","status":"publish","type":"post","link":"https:\/\/willizblog.de\/?p=3250","title":{"rendered":"Tag eins nach \u00d6zil"},"content":{"rendered":"<p>Das Gezerre um den <a href=\"http:\/\/www.werder.de\/aktuelles\/news\/meldung.php\/18615\/Allofs-Real-musste-einen-grossen-Schritt-machen\" target=\"_blank\">Wechsel von Mesut \u00d6zil<\/a> vom SV Werder Bremen zu Real Madrid hat ein gutes Ende gefunden \u2013 f\u00fcr alle Beteiligten. Zuletzt ging es wohl nur noch um die Abl\u00f6sesumme, die die Madrilenen den Bremern zu zahlen haben, da \u00d6zil noch bis Mitte 2011 unter Vertrag bei Werder stand. In den spanischen Medien ist dabei von 15 Millionen \u20ac die Rede, in den deutschen Medien taucht die Summe von 18 Millionen \u20ac auf (siehe u.a. <a href=\"http:\/\/www.transfermarkt.de\/de\/statistiken\/wettbewerbe\/transfers.html\" target=\"_blank\">transfermarkt.de<\/a> unter Werder Bremen). <\/p>\n<p>Sicherlich ist \u00d6zil damit unter seinem Marktwert zu Real Madrid gegangen, aber f\u00fcr die Bremer ist die jetzige Abl\u00f6sesumme immer noch bedeutend mehr als das, was sie ein Jahr sp\u00e4ter f\u00fcr ihn bekommen h\u00e4tten, w\u00e4re er bei Werder bis dahin geblieben: n\u00e4mlich nichts, da \u00d6zil dann abl\u00f6sefrei h\u00e4tte wechseln k\u00f6nnen.<\/p>\n<p>Auch Real Madrids Trainer Jose Mourinho hat die Verpflichtung von Mesut \u00d6zil als <a href=\"http:\/\/www.transfermarkt.de\/de\/real-trainer-mourinho-oezil-transfer-ein-gutes-geschaeft\/news\/anzeigen_44473.html\" target=\"_blank\">gutes Gesch\u00e4ft f\u00fcr die &#8222;K\u00f6niglichen&#8220;<\/a> bezeichnet. &#8222;Er war ein Spieler, dessen Vertrag 2011 ausl\u00e4uft, deshalb haben wir ihn f\u00fcr einen Preis bekommen, der weit unter seinem richtigen Marktwert liegt&#8220;, sagte der Portugiese. &#8222;Einen Spieler seiner Qualit\u00e4t konnten wir uns zu diesen Bedingungen wirklich nicht entgehen lassen&#8220;.<\/p>\n<p>Und f\u00fcr \u00d6zil selbst geht sicherlich ein Wunsch in Erf\u00fcllung: bei einem gro\u00dfen europ\u00e4ischen Verein unter Vertrag zu kommen (von einem Sechsjahresvertrag mit j\u00e4hrlich 5 Millionen \u20ac Sal\u00e4r ist die Rede).<\/p>\n<p>Die Frage war nat\u00fcrlich, wie Werder Bremen ohne \u00d6zil das <a href=\"http:\/\/www.zdf.de\/ZDFmediathek\/content\/1117270\" target=\"_blank\">Hinspiel in der Qualifikation zur Champions League<\/a> gegen <a href=\"https:\/\/de.wikipedia.org\/wiki\/Sampdoria_Genua\" target=\"_blank\">Sampdoria Genua<\/a> angehen w\u00fcrde. Der Abgang von \u00d6zil ist ohne Zweifel ein sportlicher Verlust f\u00fcr die Bremer, aber wie das Spiel gegen Genua gestern Abend zeigte, hat die Mannschaft das sehr gut kompensieren k\u00f6nnen. Bedenkt man zudem, dass es gestern das erste wirklich wichtige Pflichtspiel der neuen Saison war, so war die Leistung der Mannschaft bemerkenswert gut. Besonders Aaron Hunt, der als Spielmacher \u00d6zil zu ersetzen hatte, machte ein gutes Spiel. In der zweiten Halbzeit zeigte Werder, dass man dem Team auch in der neuen Saison einiges zutrauen darf. Manchmal erinnerte mich die Spielweise an Spanien, den neuen Weltmeister: Ballstafetten \u00fcber viele Stationen und damit viel und sicherer Ballbesitz, dann das schnelle Umschalten und das Spiel in die Spitze. Das klappte nicht immer, aber die Ballverluste hielten sich in Grenzen.<\/p>\n<p>Einzigster Wermutstropfen war der Anschlusstreffer der Italiener in der Schlussphase zum 3:1. Mit einem 3:0 w\u00e4re den Bremern die Teilnahme an der Gruppenphase der <a href=\"https:\/\/de.wikipedia.org\/wiki\/UEFA_Champions_League_2010\/11\" target=\"_blank\">Champions League<\/a> so gut wie nicht mehr zu nehmen \u2013 mit dem einen Gegentor kann es aber noch sehr eng werden. \u201eDas sp\u00e4te Gegentor h\u00e4lt uns im R\u00fcckspiel aber vielleicht auch hundertprozentig wach.\u201c, meint Werder-Trainer Thomas Schaaf. Wollen wir es hoffen. Das R\u00fcckspiel ist bereits am kommenden Dienstag in Genua, Anpfiff 20 Uhr 45. Es geht dabei um viel Geld (gesch\u00e4tzte 15 Millionen \u20ac sind dem Teilnehmer an der Gruppenphase so gut wie sicher \u2013 f\u00fcr Bremen wichtige Einnahmen, um auch weiterhin im europ\u00e4ischen Fu\u00dfball mitreden zu k\u00f6nnen).<\/p>\n","protected":false},"excerpt":{"rendered":"<p>Das Gezerre um den Wechsel von Mesut \u00d6zil vom SV Werder Bremen zu Real Madrid hat ein gutes Ende gefunden \u2013 f\u00fcr alle Beteiligten. Zuletzt ging es wohl nur noch um die Abl\u00f6sesumme, die die Madrilenen den Bremern zu zahlen haben, da \u00d6zil noch bis Mitte 2011 unter Vertrag bei Werder stand. In den spanischen &hellip; <a href=\"https:\/\/willizblog.de\/?p=3250\" class=\"more-link\"><span class=\"screen-reader-text\">Tag eins nach \u00d6zil<\/span> weiterlesen <span class=\"meta-nav\">&rarr;<\/span><\/a><\/p>\n","protected":false},"author":1,"featured_media":0,"comment_status":"open","ping_status":"open","sticky":false,"template":"","format":"standard","meta":[],"categories":[27],"tags":[70,68,69,67],"_links":{"self":[{"href":"https:\/\/willizblog.de\/index.php?rest_route=\/wp\/v2\/posts\/3250"}],"collection":[{"href":"https:\/\/willizblog.de\/index.php?rest_route=\/wp\/v2\/posts"}],"about":[{"href":"https:\/\/willizblog.de\/index.php?rest_route=\/wp\/v2\/types\/post"}],"author":[{"embeddable":true,"href":"https:\/\/willizblog.de\/index.php?rest_route=\/wp\/v2\/users\/1"}],"replies":[{"embeddable":true,"href":"https:\/\/willizblog.de\/index.php?rest_route=%2Fwp%2Fv2%2Fcomments&post=3250"}],"version-history":[{"count":0,"href":"https:\/\/willizblog.de\/index.php?rest_route=\/wp\/v2\/posts\/3250\/revisions"}],"wp:attachment":[{"href":"https:\/\/willizblog.de\/index.php?rest_route=%2Fwp%2Fv2%2Fmedia&parent=3250"}],"wp:term":[{"taxonomy":"category","embeddable":true,"href":"https:\/\/willizblog.de\/index.php?rest_route=%2Fwp%2Fv2%2Fcategories&post=3250"},{"taxonomy":"post_tag","embeddable":true,"href":"https:\/\/willizblog.de\/index.php?rest_route=%2Fwp%2Fv2%2Ftags&post=3250"}],"curies":[{"name":"wp","href":"https:\/\/api.w.org\/{rel}","templated":true}]}}