{"id":3279,"date":"2010-08-25T10:40:17","date_gmt":"2010-08-25T09:40:17","guid":{"rendered":"http:\/\/www.willizblog.de\/?p=3279"},"modified":"2010-08-25T09:56:16","modified_gmt":"2010-08-25T08:56:16","slug":"das-%e2%80%9ewunder%e2%80%9c-von-genua","status":"publish","type":"post","link":"https:\/\/willizblog.de\/?p=3279","title":{"rendered":"Das \u201eWunder\u201c von Genua"},"content":{"rendered":"<p>Als Fan der Mannschaft von Werder Bremen macht man das nicht &#8230; Aber ich hatte einen langen Tag gestern, und als in dem Play-off-Spiel zur Champions League das 3:0 f\u00fcr <a href=\"https:\/\/de.wikipedia.org\/wiki\/Sampdoria_Genua\" target=\"_blank\">Sampdoria Genua<\/a> gegen die Bremer fiel, da hatte ich genug und machte den Fernseher aus. Ich lasse mich gern eines Besseren belehren. Und als ich heute nachschaute, wie das Spiel ausging, da war ich doch mehr als \u00fcberrascht. In der Nachspielzeit wurde das Bremer Auslaufmodell Markus Rosenberg zum Matchwinner und erzielte das 3:1, das damit <a href=\"https:\/\/www.willizblog.de\/?p=3250\" target=\"_blank\">das Hinspielergebnis<\/a> egalisierte. Und in der notwendig gewordenen Verl\u00e4ngerung sorgte Claudio Pizarro, dass der SV Werder doch noch den Einzug in die <a href=\"https:\/\/de.wikipedia.org\/wiki\/UEFA_Champions_League_2010\/11#Gruppenphase\" target=\"_blank\">Hauptrunde (Gruppenphase) der Champions League<\/a> schaffte. \u201eLa Sampdoria\u201c ging zuletzt unter wie eins die <a href=\"https:\/\/de.wikipedia.org\/wiki\/Andrea_Doria_%281952%29\" target=\"_blank\">Andrea Doria<\/a>.<\/p>\n<p>Selten war eine <a href=\"http:\/\/www.werder.de\/aktuelles\/news\/meldung.php\/18675\/Psychokrimi-brachte-die-denkbar-schoenste-Niederlage\" target=\"_blank\">Niederlage so sch\u00f6n<\/a>. Und wie schon so oft, so drehte auch gestern eine in der ersten Halbzeit desolat auftretende Bremer Mannschaft das Ergebnis zu ihren Gunsten. Der Sieg gegen die Italiener ist dabei f\u00fcr die deutsche Bundesliga von Bedeutung. In der <a href=\"https:\/\/de.wikipedia.org\/wiki\/UEFA-F%C3%BCnfjahreswertung\" target=\"_blank\">F\u00fcnfjahreswertung der UEFA<\/a> hatte Deutschland in der letzten Saison Italien <a href=\"https:\/\/de.wikipedia.org\/wiki\/UEFA-F%C3%BCnfjahreswertung#Aktuelle_Wertung\" target=\"_blank\">vom 3. Platz abgel\u00f6st<\/a> und stellt ab Saison 2012\/2013 dann 4 CL-Pl\u00e4tze (d.h. die ersten drei der Bundesliga nehmen direkt an der Hauptrunde der Champions League teil, eine 4. Mannschaft muss sich wie jetzt Werder Bremen \u00fcber ein Play-off qualifizieren) statt bisher drei.<\/p>\n<p>Erst in der Verl\u00e4ngerung zeigte sich gestern die Elf von Trainer Schaaf wie beim Hinspielsieg vor knapp einer Woche abgekl\u00e4rt genug. Ansonsten wies die Abwehr eklatante Schw\u00e4chen auf \u2013 in der Innenverteidigung fehlte besonders der am Knie verletzte Naldo. Aber ein wichtiges Ziel in dieser Saison ist erreicht: die K\u00f6nigsklasse des europ\u00e4ischen Fu\u00dfballs!<\/p>\n<p>siehe  Videos bei zdf.de: <a href=\"http:\/\/www.zdf.de\/ZDFmediathek\/content\/1121796\" target=\"_blank\">Werder-Wahnsinn in Genua<\/a> &#8212; <a href=\"http:\/\/www.zdf.de\/ZDFmediathek\/content\/1121806\" target=\"_blank\">Rosenberg verhindert Bremens Abgang<\/a><\/p>\n","protected":false},"excerpt":{"rendered":"<p>Als Fan der Mannschaft von Werder Bremen macht man das nicht &#8230; Aber ich hatte einen langen Tag gestern, und als in dem Play-off-Spiel zur Champions League das 3:0 f\u00fcr Sampdoria Genua gegen die Bremer fiel, da hatte ich genug und machte den Fernseher aus. Ich lasse mich gern eines Besseren belehren. Und als ich &hellip; <a href=\"https:\/\/willizblog.de\/?p=3279\" class=\"more-link\"><span class=\"screen-reader-text\">Das \u201eWunder\u201c von Genua<\/span> weiterlesen <span class=\"meta-nav\">&rarr;<\/span><\/a><\/p>\n","protected":false},"author":1,"featured_media":0,"comment_status":"open","ping_status":"open","sticky":false,"template":"","format":"standard","meta":[],"categories":[27],"tags":[],"_links":{"self":[{"href":"https:\/\/willizblog.de\/index.php?rest_route=\/wp\/v2\/posts\/3279"}],"collection":[{"href":"https:\/\/willizblog.de\/index.php?rest_route=\/wp\/v2\/posts"}],"about":[{"href":"https:\/\/willizblog.de\/index.php?rest_route=\/wp\/v2\/types\/post"}],"author":[{"embeddable":true,"href":"https:\/\/willizblog.de\/index.php?rest_route=\/wp\/v2\/users\/1"}],"replies":[{"embeddable":true,"href":"https:\/\/willizblog.de\/index.php?rest_route=%2Fwp%2Fv2%2Fcomments&post=3279"}],"version-history":[{"count":0,"href":"https:\/\/willizblog.de\/index.php?rest_route=\/wp\/v2\/posts\/3279\/revisions"}],"wp:attachment":[{"href":"https:\/\/willizblog.de\/index.php?rest_route=%2Fwp%2Fv2%2Fmedia&parent=3279"}],"wp:term":[{"taxonomy":"category","embeddable":true,"href":"https:\/\/willizblog.de\/index.php?rest_route=%2Fwp%2Fv2%2Fcategories&post=3279"},{"taxonomy":"post_tag","embeddable":true,"href":"https:\/\/willizblog.de\/index.php?rest_route=%2Fwp%2Fv2%2Ftags&post=3279"}],"curies":[{"name":"wp","href":"https:\/\/api.w.org\/{rel}","templated":true}]}}