{"id":328,"date":"2005-12-16T05:16:33","date_gmt":"2005-12-16T04:16:33","guid":{"rendered":"http:\/\/www.albinz.de\/blog\/?p=328"},"modified":"2005-12-22T13:37:33","modified_gmt":"2005-12-22T12:37:33","slug":"weisse-weihnachten","status":"publish","type":"post","link":"https:\/\/willizblog.de\/?p=328","title":{"rendered":"Wei\u00dfe Weihnachten?"},"content":{"rendered":"<p>Zun\u00e4chst macht das Tief &#8222;Dorian&#8220; m\u00e4chtig Wind. Zu Orkanb\u00f6en gibt es kr\u00e4ftige Regenf\u00e4lle im Westen und Norden. Richtung Osten oder S\u00fcden daf\u00fcr Schnee. Am Wochenende beruhigt es sich wieder.<\/p>\n<ul><img src=\"https:\/\/www.willizblog.de\/albpics\/tief_dorian.jpg\" alt=\"Orkantief 'Dorian'\" \/><\/ul>\n<p>Es bleibt kalt. Bis zur Wochenmitte f\u00e4llt dann auch im Westen und Norden etwas Schnee oder Schneeregen. Ab Donnerstag wird es dann richtig kalt &#8211; zun\u00e4chst mit Schnee, dann ab Heiligabend mit Wolken und auch Sonne. Es bleibt frostig.<\/p>\n<p>Die Aussichten f\u00fcr wei\u00dfe Weihnachten sind also ganz gut. Lassen wir uns \u00fcberraschen.<\/p>\n<p>siehe auch <a href=\"http:\/\/www.heute.de\/ZDFheute\/inhalt\/2\/0,3672,3182018,00.html\" target=\"_blank\">Wetter bei zdf.de<\/a><\/p>\n<p><strong>Stand: 16.12.2005 &#8211; 17:30:<\/strong> Wetteraussichten auf 10 Tage im Voraus kann man wohl vergessen &#8230; Nach dem jetzigen Stand ist mit wei\u00dfer Weihnacht (zumindest im Norden) <em>Essig<\/em>! Daf\u00fcr soll es regnen. Aber bis Weihnachten ist es ja noch etwas hin. Da wird sich sicherlich auch der Wetterbericht noch einige Male \u00e4ndern.<\/p>\n<p><strong>Stand: 22.12.2005 &#8211; 13:30:<\/strong> Letzte Meldung von der Wetterfront &#8211; Im Norden, wie bef\u00fcrchtet, werden die Feiertage verregnet sein. Mit dem 26.12. wird es aber zunehmend k\u00e4lter und der Regen geht in Schnee \u00fcber. Bis Neujahr ist dann auch bei uns mit einigem Schneefall zu rechnen. Also statt wei\u00dfer Weihnachten wird &#8217;s ein wei\u00dfer Jahreswechsel. Guten Rutsch &#8230;?!<\/p>\n","protected":false},"excerpt":{"rendered":"<p>Zun\u00e4chst macht das Tief &#8222;Dorian&#8220; m\u00e4chtig Wind. Zu Orkanb\u00f6en gibt es kr\u00e4ftige Regenf\u00e4lle im Westen und Norden. Richtung Osten oder S\u00fcden daf\u00fcr Schnee. Am Wochenende beruhigt es sich wieder. Es bleibt kalt. Bis zur Wochenmitte f\u00e4llt dann auch im Westen und Norden etwas Schnee oder Schneeregen. Ab Donnerstag wird es dann richtig kalt &#8211; zun\u00e4chst &hellip; <a href=\"https:\/\/willizblog.de\/?p=328\" class=\"more-link\"><span class=\"screen-reader-text\">Wei\u00dfe Weihnachten?<\/span> weiterlesen <span class=\"meta-nav\">&rarr;<\/span><\/a><\/p>\n","protected":false},"author":1,"featured_media":0,"comment_status":"closed","ping_status":"closed","sticky":false,"template":"","format":"standard","meta":[],"categories":[16,33],"tags":[],"_links":{"self":[{"href":"https:\/\/willizblog.de\/index.php?rest_route=\/wp\/v2\/posts\/328"}],"collection":[{"href":"https:\/\/willizblog.de\/index.php?rest_route=\/wp\/v2\/posts"}],"about":[{"href":"https:\/\/willizblog.de\/index.php?rest_route=\/wp\/v2\/types\/post"}],"author":[{"embeddable":true,"href":"https:\/\/willizblog.de\/index.php?rest_route=\/wp\/v2\/users\/1"}],"replies":[{"embeddable":true,"href":"https:\/\/willizblog.de\/index.php?rest_route=%2Fwp%2Fv2%2Fcomments&post=328"}],"version-history":[{"count":0,"href":"https:\/\/willizblog.de\/index.php?rest_route=\/wp\/v2\/posts\/328\/revisions"}],"wp:attachment":[{"href":"https:\/\/willizblog.de\/index.php?rest_route=%2Fwp%2Fv2%2Fmedia&parent=328"}],"wp:term":[{"taxonomy":"category","embeddable":true,"href":"https:\/\/willizblog.de\/index.php?rest_route=%2Fwp%2Fv2%2Fcategories&post=328"},{"taxonomy":"post_tag","embeddable":true,"href":"https:\/\/willizblog.de\/index.php?rest_route=%2Fwp%2Fv2%2Ftags&post=328"}],"curies":[{"name":"wp","href":"https:\/\/api.w.org\/{rel}","templated":true}]}}