{"id":329,"date":"2005-12-18T08:37:39","date_gmt":"2005-12-18T07:37:39","guid":{"rendered":"http:\/\/www.albinz.de\/blog\/?p=329"},"modified":"2012-12-19T13:15:52","modified_gmt":"2012-12-19T12:15:52","slug":"noch-mehr-weinachtsmanner","status":"publish","type":"post","link":"https:\/\/willizblog.de\/?p=329","title":{"rendered":"Noch mehr Weihnachtsm\u00e4nner"},"content":{"rendered":"<p>Nach der <a href=\"https:\/\/www.willizblog.de\/?p=314\">ersten Lieferung an Weihnachtsm\u00e4nnern<\/a> fehlte bisher f\u00fcr das Jahr 1996 noch einer. Ich habe etwas in meinen alten Videob\u00e4ndern gekramt und dann endlich die Aufnahmen vom ber\u00fchmt-ber\u00fcchtigten Weihnachtsmann 1996 gefunden: Zum Heiligen Abend des Jahres 1996 hatten wir keinen Weihnachtsmann f\u00fcr unsere Kinder gefunden. Da meinte mein Gro\u00dfer: &#8222;Dann kannst du ja der Weihnachtsmann sein!&#8220;.<\/p>\n<ul><img src=\"https:\/\/www.willizblog.de\/albpics\/weihnachtsmann1996.jpg\" alt=\"Weihnachtsmann 1996\" \/><\/ul>\n<p>Viel Spa\u00df mit dem Video. \u00dcbrigens: Im Vorspann gebe ich zun\u00e4chst dem Nachwuchs eine Chance. Mithin: Frohe Weihnachten! Und viele Gr\u00fc\u00dfe an all die Weihnachtsm\u00e4nner dieser Welt!<\/p>\n<p><object ID=\"video1\" CLASSID=\"clsid:CFCDAA03-8BE4-11CF-B84B-0020AFBBCCFA\" HEIGHT=\"240\" WIDTH=\"320\"><param name=\"_ExtentX\" value=\"8467\"><param name=\"_ExtentY\" value=\"6350\"><param name=\"AUTOSTART\" value=\"0\"><param name=\"SHUFFLE\" value=\"0\"><param name=\"PREFETCH\" value=\"0\"><param name=\"NOLABELS\" value=\"0\"><param name=\"SRC\" value=\"https:\/\/www.willizblog.de\/albpics\/weihnachtsmann1996.ram\"><param name=\"CONTROLS\" value=\"ImageWindow\"><param name=\"CONSOLE\" value=\"Clip13\"><param name=\"LOOP\" value=\"0\"><param name=\"NUMLOOP\" value=\"0\"><param name=\"CENTER\" value=\"0\"><param name=\"MAINTAINASPECT\" value=\"0\"><param name=\"BACKGROUNDCOLOR\" value=\"#000000\"><embed SRC=\"https:\/\/www.willizblog.de\/albpics\/weihnachtsmann1996.rm\" type=\"audio\/x-pn-realaudio-plugin\" CONSOLE=\"Clip13\" CONTROLS=\"ImageWindow\" HEIGHT=\"240\" WIDTH=\"320\" AUTOSTART=\"false\"><\/embed><\/param><\/param><\/param><\/param><\/param><\/param><\/param><\/param><\/param><\/param><\/param><\/param><\/param><\/param><\/object><\/p>\n<p>Video: AlbinZ als Weihnachtsm\u00e4nner 1996<\/p>\n<p><object ID=\"video2\" CLASSID=\"clsid:CFCDAA03-8BE4-11cf-B84B-0020AFBBCCFA\" HEIGHT=\"25\" WIDTH=\"220\"><param name=\"_ExtentX\" value=\"5821\"><param name=\"_ExtentY\" value=\"661\"><param name=\"AUTOSTART\" value=\"0\"><param name=\"SHUFFLE\" value=\"0\"><param name=\"PREFETCH\" value=\"0\"><param name=\"NOLABELS\" value=\"0\"><param name=\"CONTROLS\" value=\"ControlPanel\"><param name=\"CONSOLE\" value=\"Clip13\"><param name=\"LOOP\" value=\"0\"><param name=\"NUMLOOP\" value=\"0\"><param name=\"CENTER\" value=\"0\"><param name=\"MAINTAINASPECT\" value=\"0\"><param name=\"BACKGROUNDCOLOR\" value=\"#000000\"><embed type=\"audio\/x-pn-realaudio-plugin\" CONSOLE=\"Clip13\" CONTROLS=\"ControlPanel\" HEIGHT=\"40\" WIDTH=\"275\" AUTOSTART=\"true\"><\/embed><\/param><\/param><\/param><\/param><\/param><\/param><\/param><\/param><\/param><\/param><\/param><\/param><\/param><\/object><\/p>\n","protected":false},"excerpt":{"rendered":"<p>Nach der ersten Lieferung an Weihnachtsm\u00e4nnern fehlte bisher f\u00fcr das Jahr 1996 noch einer. Ich habe etwas in meinen alten Videob\u00e4ndern gekramt und dann endlich die Aufnahmen vom ber\u00fchmt-ber\u00fcchtigten Weihnachtsmann 1996 gefunden: Zum Heiligen Abend des Jahres 1996 hatten wir keinen Weihnachtsmann f\u00fcr unsere Kinder gefunden. Da meinte mein Gro\u00dfer: &#8222;Dann kannst du ja der &hellip; <a href=\"https:\/\/willizblog.de\/?p=329\" class=\"more-link\"><span class=\"screen-reader-text\">Noch mehr Weihnachtsm\u00e4nner<\/span> weiterlesen <span class=\"meta-nav\">&rarr;<\/span><\/a><\/p>\n","protected":false},"author":1,"featured_media":0,"comment_status":"closed","ping_status":"closed","sticky":false,"template":"","format":"standard","meta":[],"categories":[33],"tags":[],"_links":{"self":[{"href":"https:\/\/willizblog.de\/index.php?rest_route=\/wp\/v2\/posts\/329"}],"collection":[{"href":"https:\/\/willizblog.de\/index.php?rest_route=\/wp\/v2\/posts"}],"about":[{"href":"https:\/\/willizblog.de\/index.php?rest_route=\/wp\/v2\/types\/post"}],"author":[{"embeddable":true,"href":"https:\/\/willizblog.de\/index.php?rest_route=\/wp\/v2\/users\/1"}],"replies":[{"embeddable":true,"href":"https:\/\/willizblog.de\/index.php?rest_route=%2Fwp%2Fv2%2Fcomments&post=329"}],"version-history":[{"count":0,"href":"https:\/\/willizblog.de\/index.php?rest_route=\/wp\/v2\/posts\/329\/revisions"}],"wp:attachment":[{"href":"https:\/\/willizblog.de\/index.php?rest_route=%2Fwp%2Fv2%2Fmedia&parent=329"}],"wp:term":[{"taxonomy":"category","embeddable":true,"href":"https:\/\/willizblog.de\/index.php?rest_route=%2Fwp%2Fv2%2Fcategories&post=329"},{"taxonomy":"post_tag","embeddable":true,"href":"https:\/\/willizblog.de\/index.php?rest_route=%2Fwp%2Fv2%2Ftags&post=329"}],"curies":[{"name":"wp","href":"https:\/\/api.w.org\/{rel}","templated":true}]}}