{"id":332,"date":"2005-12-19T07:00:00","date_gmt":"2005-12-19T06:00:00","guid":{"rendered":"http:\/\/www.albinz.de\/blog\/?p=332"},"modified":"2005-12-19T12:45:11","modified_gmt":"2005-12-19T11:45:11","slug":"wintereinbruch-chaos-bei-der-bahn","status":"publish","type":"post","link":"https:\/\/willizblog.de\/?p=332","title":{"rendered":"Wintereinbruch = Chaos bei der Bahn"},"content":{"rendered":"<p>Mit jedem Fahrplanwechsel wie jetzt zum 11. Dezember 2005 geht bei der Deutschen Bahn AG (DBAG) immer wieder Wirrwarr bei der Zugabfertigung einher, der zu entsprechenden Versp\u00e4tungen f\u00fchrt. Kommt dann noch der Wintereinbruch hinzu, dann ist das Chaos vorprogrammiert.<\/p>\n<p>Ich pers\u00f6nlich bin bis jetzt zwar halbwegs verschont geblieben (was schon erstaunlich ist), aber f\u00fcr andere wurden die Wirren bereits zum Horror. Und jetzt zeigt sich, dass auch der u.a. zwischen Hamburg und Bremen verkehrende <a href=\"http:\/\/www.railfan.de\/nebahn\/?id=134\" target=\"_blank\">Metronom<\/a> nicht gegen Loksch\u00e4den u.\u00e4. gefeit ist.<\/p>\n<ul><img src=\"https:\/\/www.willizblog.de\/albpics\/metronom_hh_hbf.jpg\" alt=\"Der Metronom - Hamburg Hbf\" \/><\/ul>\n<p>So versp\u00e4tete sich der Metronom am 14.12. von Hamburg (Abfahrt 18 Uhr 16) nach Bremen um rund 30 Minuten, weil eine T\u00fcr anscheinend defekt war. Und heute, am 19.12., bliebt der Metronom mit Abfahrt um 5 Uhr 15 aus Hamburg nach Bremen in Buchholz\/Nordheide wegen Lokschaden liegen.<\/p>\n<p>Hierzu sollte man wissen, dass die <a href=\"http:\/\/www.der-metronom.de\/\" target=\"_blank\">metronom Eisenbahngesellschaft mbH<\/a> seit dem 14.12.2003, also seit zwei Jahren, von der DBAG die Strecken Hamburg-Bremen und Hamburg-Uelzen \u00fcbernommen hat. Seit dem 11.12.2005 werden jetzt auch die Strecken Uelzen-Hannover und Hannover-G\u00f6ttingen bedient, was einer Kapazit\u00e4tssteigerung um nahezu 100 % entspricht. Hierzu wurden auch acht neue Z\u00fcge in Einsatz gebracht. Ich kann mich dabei leider des Eindrucks nicht erwehren, dass sich das Unternehmen verst\u00e4rkt um die neuen Strecken &#8218;bem\u00fcht&#8216;, geht es darum, neue Kunden an Bord zu ziehen. Bei einer solch gro\u00dfen Expansion des Unternehmens m\u00fcssen aber an anderer Stelle Abstriche in Kauf genommen werden &#8211; sollte sich das etwa auf die Strecke Hamburg-Bremen beziehen?<\/p>\n","protected":false},"excerpt":{"rendered":"<p>Mit jedem Fahrplanwechsel wie jetzt zum 11. Dezember 2005 geht bei der Deutschen Bahn AG (DBAG) immer wieder Wirrwarr bei der Zugabfertigung einher, der zu entsprechenden Versp\u00e4tungen f\u00fchrt. Kommt dann noch der Wintereinbruch hinzu, dann ist das Chaos vorprogrammiert. Ich pers\u00f6nlich bin bis jetzt zwar halbwegs verschont geblieben (was schon erstaunlich ist), aber f\u00fcr andere &hellip; <a href=\"https:\/\/willizblog.de\/?p=332\" class=\"more-link\"><span class=\"screen-reader-text\">Wintereinbruch = Chaos bei der Bahn<\/span> weiterlesen <span class=\"meta-nav\">&rarr;<\/span><\/a><\/p>\n","protected":false},"author":1,"featured_media":0,"comment_status":"closed","ping_status":"closed","sticky":false,"template":"","format":"standard","meta":[],"categories":[22],"tags":[],"_links":{"self":[{"href":"https:\/\/willizblog.de\/index.php?rest_route=\/wp\/v2\/posts\/332"}],"collection":[{"href":"https:\/\/willizblog.de\/index.php?rest_route=\/wp\/v2\/posts"}],"about":[{"href":"https:\/\/willizblog.de\/index.php?rest_route=\/wp\/v2\/types\/post"}],"author":[{"embeddable":true,"href":"https:\/\/willizblog.de\/index.php?rest_route=\/wp\/v2\/users\/1"}],"replies":[{"embeddable":true,"href":"https:\/\/willizblog.de\/index.php?rest_route=%2Fwp%2Fv2%2Fcomments&post=332"}],"version-history":[{"count":0,"href":"https:\/\/willizblog.de\/index.php?rest_route=\/wp\/v2\/posts\/332\/revisions"}],"wp:attachment":[{"href":"https:\/\/willizblog.de\/index.php?rest_route=%2Fwp%2Fv2%2Fmedia&parent=332"}],"wp:term":[{"taxonomy":"category","embeddable":true,"href":"https:\/\/willizblog.de\/index.php?rest_route=%2Fwp%2Fv2%2Fcategories&post=332"},{"taxonomy":"post_tag","embeddable":true,"href":"https:\/\/willizblog.de\/index.php?rest_route=%2Fwp%2Fv2%2Ftags&post=332"}],"curies":[{"name":"wp","href":"https:\/\/api.w.org\/{rel}","templated":true}]}}