{"id":335,"date":"2005-12-19T16:27:03","date_gmt":"2005-12-19T15:27:03","guid":{"rendered":"http:\/\/www.albinz.de\/blog\/?p=335"},"modified":"2005-12-20T08:24:38","modified_gmt":"2005-12-20T07:24:38","slug":"daimlerchryler-was-brauchen-wir-noch-arbeitsplatze","status":"publish","type":"post","link":"https:\/\/willizblog.de\/?p=335","title":{"rendered":"DaimlerChryler: Was brauchen wir noch Arbeitspl\u00e4tze &#8230;"},"content":{"rendered":"<p>Der neue Chef von DaimlerChrysler, Dieter Zetsche, plant den Abbau von 16.000 Arbeitspl\u00e4tzen, um durch die Senkung der Personalkosten den Gewinn des Unternehmens kr\u00e4ftig zu erh\u00f6hen. Ein wirklich sch\u00f6nes Weihnachtsgeschenk f\u00fcr den Kapitalseigner. Fragt man sich nur, wozu das Unternehmen eigentlich noch Arbeitskr\u00e4fte braucht. Ach so, die schrauben die Autos zusammen &#8230;<\/p>\n<ul><img src=\"https:\/\/www.willizblog.de\/albpics\/dieter_zetsche_daimler_chrysler_chef.jpg\" alt=\"Zielscheibe: Dieter Zetsche\" \/><\/ul>\n<p>Sehnt sich da einer nach der <a href=\"http:\/\/www.rafinfo.de\/\" target=\"_blank\">&#8218;bleiernden Zeit&#8216;<\/a> zur\u00fcck &#8230;?!<\/p>\n<p>siehe: <a href=\"http:\/\/www.heute.de\/ZDFheute\/inhalt\/6\/0,3672,3231942,00.html\" target=\"_blank\">zdf.de<\/a><\/p>\n","protected":false},"excerpt":{"rendered":"<p>Der neue Chef von DaimlerChrysler, Dieter Zetsche, plant den Abbau von 16.000 Arbeitspl\u00e4tzen, um durch die Senkung der Personalkosten den Gewinn des Unternehmens kr\u00e4ftig zu erh\u00f6hen. Ein wirklich sch\u00f6nes Weihnachtsgeschenk f\u00fcr den Kapitalseigner. Fragt man sich nur, wozu das Unternehmen eigentlich noch Arbeitskr\u00e4fte braucht. Ach so, die schrauben die Autos zusammen &#8230; Sehnt sich da &hellip; <a href=\"https:\/\/willizblog.de\/?p=335\" class=\"more-link\"><span class=\"screen-reader-text\">DaimlerChryler: Was brauchen wir noch Arbeitspl\u00e4tze &#8230;<\/span> weiterlesen <span class=\"meta-nav\">&rarr;<\/span><\/a><\/p>\n","protected":false},"author":1,"featured_media":0,"comment_status":"closed","ping_status":"closed","sticky":false,"template":"","format":"standard","meta":[],"categories":[2],"tags":[],"_links":{"self":[{"href":"https:\/\/willizblog.de\/index.php?rest_route=\/wp\/v2\/posts\/335"}],"collection":[{"href":"https:\/\/willizblog.de\/index.php?rest_route=\/wp\/v2\/posts"}],"about":[{"href":"https:\/\/willizblog.de\/index.php?rest_route=\/wp\/v2\/types\/post"}],"author":[{"embeddable":true,"href":"https:\/\/willizblog.de\/index.php?rest_route=\/wp\/v2\/users\/1"}],"replies":[{"embeddable":true,"href":"https:\/\/willizblog.de\/index.php?rest_route=%2Fwp%2Fv2%2Fcomments&post=335"}],"version-history":[{"count":0,"href":"https:\/\/willizblog.de\/index.php?rest_route=\/wp\/v2\/posts\/335\/revisions"}],"wp:attachment":[{"href":"https:\/\/willizblog.de\/index.php?rest_route=%2Fwp%2Fv2%2Fmedia&parent=335"}],"wp:term":[{"taxonomy":"category","embeddable":true,"href":"https:\/\/willizblog.de\/index.php?rest_route=%2Fwp%2Fv2%2Fcategories&post=335"},{"taxonomy":"post_tag","embeddable":true,"href":"https:\/\/willizblog.de\/index.php?rest_route=%2Fwp%2Fv2%2Ftags&post=335"}],"curies":[{"name":"wp","href":"https:\/\/api.w.org\/{rel}","templated":true}]}}