{"id":3357,"date":"2010-09-12T14:49:31","date_gmt":"2010-09-12T13:49:31","guid":{"rendered":"http:\/\/www.willizblog.de\/?p=3357"},"modified":"2010-09-12T14:49:31","modified_gmt":"2010-09-12T13:49:31","slug":"blumenpracht-teil-27","status":"publish","type":"post","link":"https:\/\/willizblog.de\/?p=3357","title":{"rendered":"Blumenpracht Teil 27"},"content":{"rendered":"<p>Es l\u00e4sst sich nicht leugnen: Der Herbst h\u00e4lt Einzug bei uns. Auch wenn die Temperaturen noch den Sommer verk\u00fcnden, die ersten Bl\u00e4tter verf\u00e4rben sich, der Herbst zeigt sich in den f\u00fcr ihn so typischen Nuancen: Erdend von gelb \u00fcber rot zu braun. Und Gelb regiert die Blumenwelt! Sonnenblumen zeigen sich noch in voller Bl\u00fcte, aber die ersten sind schon verwelkt und geben ihre Fr\u00fcchte an die Natur frei.<\/p>\n<table border=\"0\" cellpadding=\"5\" cellspacing=\"0\" width=\"100%\">\n<tr>\n<td width=\"50%\">\n<p align=\"center\"><img loading=\"lazy\" border=\"0\" src=\"https:\/\/www.willizblog.de\/blogpicts\/sonnenblumen2010_09_01.jpg\" alt=\"Sonnenblumen in AlbinZ Garten (September 2010)\" width=\"202\" height=\"270\"><\/td>\n<td width=\"50%\">\n<p align=\"center\"><img loading=\"lazy\" border=\"0\" src=\"https:\/\/www.willizblog.de\/blogpicts\/sonnenblumen2010_09_02.jpg\" alt=\"Sonnenblumen in AlbinZ Garten (September 2010)\" width=\"270\" height=\"203\"><\/td>\n<\/tr>\n<tr>\n<td width=\"100%\" colspan=\"2\">\n<p align=\"center\"><font face=\"Lucida Grande, Lucida Sans Unicode, Verdana, sans-serif\" size=\"2\">Sonnenblumen in AlbinZ Garten (September 2010)<\/font><\/td>\n<\/tr>\n<tr>\n<td width=\"50%\">\n<p align=\"center\"><img loading=\"lazy\" border=\"0\" src=\"https:\/\/www.willizblog.de\/blogpicts\/sonnenblumen2010_09_03.jpg\" alt=\"Sonnenblumen in AlbinZ Garten (September 2010)\" width=\"270\" height=\"203\"><\/td>\n<td width=\"50%\">\n<p align=\"center\"><img loading=\"lazy\" border=\"0\" src=\"https:\/\/www.willizblog.de\/blogpicts\/sonnenblumen2010_09_04.jpg\" alt=\"Sonnenblumen in AlbinZ Garten (September 2010)\" width=\"202\" height=\"270\"><\/td>\n<\/tr>\n<\/table>\n","protected":false},"excerpt":{"rendered":"<p>Es l\u00e4sst sich nicht leugnen: Der Herbst h\u00e4lt Einzug bei uns. Auch wenn die Temperaturen noch den Sommer verk\u00fcnden, die ersten Bl\u00e4tter verf\u00e4rben sich, der Herbst zeigt sich in den f\u00fcr ihn so typischen Nuancen: Erdend von gelb \u00fcber rot zu braun. Und Gelb regiert die Blumenwelt! Sonnenblumen zeigen sich noch in voller Bl\u00fcte, aber &hellip; <a href=\"https:\/\/willizblog.de\/?p=3357\" class=\"more-link\"><span class=\"screen-reader-text\">Blumenpracht Teil 27<\/span> weiterlesen <span class=\"meta-nav\">&rarr;<\/span><\/a><\/p>\n","protected":false},"author":1,"featured_media":0,"comment_status":"open","ping_status":"open","sticky":false,"template":"","format":"standard","meta":[],"categories":[16],"tags":[],"_links":{"self":[{"href":"https:\/\/willizblog.de\/index.php?rest_route=\/wp\/v2\/posts\/3357"}],"collection":[{"href":"https:\/\/willizblog.de\/index.php?rest_route=\/wp\/v2\/posts"}],"about":[{"href":"https:\/\/willizblog.de\/index.php?rest_route=\/wp\/v2\/types\/post"}],"author":[{"embeddable":true,"href":"https:\/\/willizblog.de\/index.php?rest_route=\/wp\/v2\/users\/1"}],"replies":[{"embeddable":true,"href":"https:\/\/willizblog.de\/index.php?rest_route=%2Fwp%2Fv2%2Fcomments&post=3357"}],"version-history":[{"count":0,"href":"https:\/\/willizblog.de\/index.php?rest_route=\/wp\/v2\/posts\/3357\/revisions"}],"wp:attachment":[{"href":"https:\/\/willizblog.de\/index.php?rest_route=%2Fwp%2Fv2%2Fmedia&parent=3357"}],"wp:term":[{"taxonomy":"category","embeddable":true,"href":"https:\/\/willizblog.de\/index.php?rest_route=%2Fwp%2Fv2%2Fcategories&post=3357"},{"taxonomy":"post_tag","embeddable":true,"href":"https:\/\/willizblog.de\/index.php?rest_route=%2Fwp%2Fv2%2Ftags&post=3357"}],"curies":[{"name":"wp","href":"https:\/\/api.w.org\/{rel}","templated":true}]}}