{"id":336,"date":"2005-12-22T04:59:10","date_gmt":"2005-12-22T03:59:10","guid":{"rendered":"http:\/\/www.albinz.de\/blog\/?p=336"},"modified":"2006-03-17T09:47:35","modified_gmt":"2006-03-17T08:47:35","slug":"werders-jahresbilanz-2005","status":"publish","type":"post","link":"https:\/\/willizblog.de\/?p=336","title":{"rendered":"Werders Jahresbilanz 2005"},"content":{"rendered":"<p>Wir wollen nicht meckern: Dieses Jahr brauchte zwar einige Entt\u00e4uschungen f\u00fcr den hartgesottenen Werder-Fan: Das eher unr\u00fchmliche Ende in der Champions League im Achtelfinale gegen Olympique Lyon (0:3 und 2:7), dann im April auch das Ende im DFB-Pokal-Halbfinale auf Schalke im Elfmeterschie\u00dfen.<\/p>\n<p>Wer h\u00e4tte aber gedacht, dass Werder Bremen am Ende doch noch den 3. Platz in der Bundesliga belegt und damit die Qualifikation zur Champions League schafft, die dann \u00fcber den FC Basel zum FC Barcelona f\u00fchrte. Okay, eine Meisterleistung war es nicht, was die Mannschaft in der Gruppenphase bot. Aber es reichte, um im n\u00e4chsten Jahr wieder im Achtelfinale zu stehen &#8211; gegen Juventus Turin, ein schweres, aber nicht unl\u00f6sbares Los.<\/p>\n<p>Die Hinrunde in der Bundesligasaison 2005\/2006 zeigte eine angriffslustige Elf, in der Miroslav Klose zu einer glanzvollen Leistung auflief. Schade, dass es zuletzt gegen den HSV nur zu einem 1:1-Unentschieden reichte, denn in der ersten Halbzeit zeigte Werder sein ganzes K\u00f6nnen. Oder eben doch nicht: Denn es wurden einfach zu viele M\u00f6glichkeiten ausgelassen (u.a. der Elfer von Micoud, der seinen Fehler immerhin durch ein blitzsauberes Freisto\u00dftor korrigierte).<\/p>\n<table cellspacing=\"0\" cellpadding=\"0\" width=\"80%\" border=\"0\">\n<tr>\n<td style=\"width: 50%\" align=\"center\"><a href=\"http:\/\/www.werder.de\/index.php\" target=\"_blank\"><img loading=\"lazy\" height=\"211\" alt=\"17. Spieltag. 1:1 gegen den HSV\" src=\"https:\/\/www.willizblog.de\/albpics\/werder0506_st17.jpg\" width=\"320\" border=\"0\" \/><\/a><\/td>\n<\/tr>\n<tr>\n<td style=\"width: 50%\" align=\"center\"><font face=\"Lucida Grande, Lucida Sans Unicode, Verdana, sans-serif\" size=\"2\">Nach dem 1:1 gegen den HSV: Leicht bel\u00e4mmert<\/font><\/td>\n<\/tr>\n<tr>\n<td style=\"width: 50%\" align=\"center\"><a href=\"http:\/\/www.werder.de\/index.php\" target=\"_blank\"><img loading=\"lazy\" height=\"236\" alt=\"Jubelnde Fans des SV Werder Bremen\" src=\"https:\/\/www.albinz.net\/images\/werder01.jpg\" width=\"316\" border=\"0\" \/><\/a><\/td>\n<\/tr>\n<tr>\n<td style=\"width: 50%\" align=\"center\"><font face=\"Lucida Grande, Lucida Sans Unicode, Verdana, sans-serif\" size=\"2\">Auch 2006 soll wieder gejubelt werden<\/font><\/td>\n<\/tr>\n<\/table>\n<p>Etwas Pech hatte man bei den drei Niederlagen in Gladbach, M\u00fcnchen und auf Schalke. Da war mehr drin. Aber es kann eben nicht immer alles rundlaufen. Im DFB-Pokal dagegen klappte es und nach dem 4:1-Sieg gestern bei Hannover 96 &#8211; es war schon ein denkw\u00fcrdiges Spiel (4 Tore in den letzten 7, 8 Minuten) &#8211; ist man weiterhin im Rennen. Am 24. oder 25. Januar 2006 geht &#8217;s dann auf den Kiez nach St. Pauli, also ein weiteres Nord-Derby f\u00fcr Werder.<\/p>\n<p>Man darf gespannt sein, wie es im n\u00e4chsten Jahr weitergeht: Der Meisterschaftszug, so f\u00fcrchte ich, ist zugunsten der Bayern abgefahren. Die m\u00f6gen zwar immer wieder schw\u00e4cheln. Aber das Gl\u00fcck, das die haben, fehlt der Mannschaft von Werder Bremen leider zu oft. Platz zwei oder drei sollte aber erreichbar sein &#8211; und vielleicht geschieht ja doch ein kleines Fu\u00dfballwunder!<\/p>\n<p>Immerhin: Werder bewies auch in diesem Jahr, dass sie vorn mitspielen kann. Und wenn man es endlich packt, die volle Leistung aufs Spielfeld zu bringen, dann kann man auch den Gro\u00dfen ein Bein stellen &#8211; z.B. gegen Juventus Turin! Warten wir es ab &#8230;<\/p>\n","protected":false},"excerpt":{"rendered":"<p>Wir wollen nicht meckern: Dieses Jahr brauchte zwar einige Entt\u00e4uschungen f\u00fcr den hartgesottenen Werder-Fan: Das eher unr\u00fchmliche Ende in der Champions League im Achtelfinale gegen Olympique Lyon (0:3 und 2:7), dann im April auch das Ende im DFB-Pokal-Halbfinale auf Schalke im Elfmeterschie\u00dfen. Wer h\u00e4tte aber gedacht, dass Werder Bremen am Ende doch noch den 3. &hellip; <a href=\"https:\/\/willizblog.de\/?p=336\" class=\"more-link\"><span class=\"screen-reader-text\">Werders Jahresbilanz 2005<\/span> weiterlesen <span class=\"meta-nav\">&rarr;<\/span><\/a><\/p>\n","protected":false},"author":1,"featured_media":0,"comment_status":"closed","ping_status":"closed","sticky":false,"template":"","format":"standard","meta":[],"categories":[27],"tags":[],"_links":{"self":[{"href":"https:\/\/willizblog.de\/index.php?rest_route=\/wp\/v2\/posts\/336"}],"collection":[{"href":"https:\/\/willizblog.de\/index.php?rest_route=\/wp\/v2\/posts"}],"about":[{"href":"https:\/\/willizblog.de\/index.php?rest_route=\/wp\/v2\/types\/post"}],"author":[{"embeddable":true,"href":"https:\/\/willizblog.de\/index.php?rest_route=\/wp\/v2\/users\/1"}],"replies":[{"embeddable":true,"href":"https:\/\/willizblog.de\/index.php?rest_route=%2Fwp%2Fv2%2Fcomments&post=336"}],"version-history":[{"count":0,"href":"https:\/\/willizblog.de\/index.php?rest_route=\/wp\/v2\/posts\/336\/revisions"}],"wp:attachment":[{"href":"https:\/\/willizblog.de\/index.php?rest_route=%2Fwp%2Fv2%2Fmedia&parent=336"}],"wp:term":[{"taxonomy":"category","embeddable":true,"href":"https:\/\/willizblog.de\/index.php?rest_route=%2Fwp%2Fv2%2Fcategories&post=336"},{"taxonomy":"post_tag","embeddable":true,"href":"https:\/\/willizblog.de\/index.php?rest_route=%2Fwp%2Fv2%2Ftags&post=336"}],"curies":[{"name":"wp","href":"https:\/\/api.w.org\/{rel}","templated":true}]}}