{"id":3364,"date":"2010-09-14T10:01:26","date_gmt":"2010-09-14T09:01:26","guid":{"rendered":"http:\/\/www.willizblog.de\/?p=3364"},"modified":"2010-09-13T13:51:47","modified_gmt":"2010-09-13T12:51:47","slug":"sarrazin-ist-kein-deutscher","status":"publish","type":"post","link":"https:\/\/willizblog.de\/?p=3364","title":{"rendered":"Sarrazin ist kein Deutscher"},"content":{"rendered":"<p>Lange Zeit hatte ich mich geweigert, zu Herrn Sarrazin in diesem Blog etwas zu schreiben. Dann habe ich zwar begonnen, einen Beitrag zu verfassen, bin aber schnell \u00fcber viele Einzelheiten gestolpert, die ich f\u00fcr erw\u00e4hnenswert hielt \u2013 so wurde der Beitrag l\u00e4nger und l\u00e4nger &#8230;<\/p>\n<p>Ich begann wie folgt:<\/p>\n<p><em>Jetzt ist er vom Vorstandsposten bei der Deutschen Bundesbank zur\u00fcckgetreten \u2013 aus eigenen St\u00fccken. Damit hat der neue Bundespr\u00e4sident, <a href=\"https:\/\/de.wikipedia.org\/wiki\/Christian_Wulff\" target=\"_blank\">Christian Wulff<\/a>, ein gro\u00dfes Problem vom Hals, denn nur er h\u00e4tte ihn abberufen k\u00f6nnen.<\/em><\/p>\n<p>Und endet sollte er mit:<\/p>\n<p><em><a href=\"https:\/\/de.wikipedia.org\/wiki\/Thilo_Sarrazin\" target=\"_blank\">Herr Sarrazin<\/a> hat sich zwar verabschiedet, aber  nach Verhandlungen zwischen Bundespr\u00e4sidialamt, Bundesbankvorstand und Sarrazin erh\u00e4lt dieser eine um 1000 \u20ac h\u00f6here monatliche Pension ab 2014, so dass drohende finanzielle Verluste aufgrund des freiwilligen Amtsverzichts ausgeglichen werden. Gleichzeitig h\u00e4lt die Bundesbank die negativen Bewertungen seines Verhaltens nicht mehr aufrecht. Ein wahrhaft widerliches Geschacher.<\/em><\/p>\n<p>Eigentlich ist mir dieser Herr Sarrazin v\u00f6llig egal. Er hatte es schon immer verstanden, mit zugespitzt formulierten Schlagworten zu provozieren: Ich erinnere mich noch an ein Beispiel, als er ich glaube Harz IV-Empf\u00e4ngern vorrechnete, wie diese auch mit weniger als vier Euro pro Tag ausreichend und gesund leben k\u00f6nnten (Pellkartoffeln mit Quark?).<\/p>\n<p>Sein Buch, das jetzt derma\u00dfen in der Diskussion steht und zuletzt zu seinem R\u00fccktritt vom Bundesbankposten gef\u00fchrt hat, habe ich nicht gelesen (und es findet hier auch keinen Link). Dieser ganze Rassenwahn geht mir wirklich mehr als nur auf die Nerven. Nat\u00fcrlich zeigt sich die Integration von Migranten, hier besonders von arabischen und t\u00fcrkischen Zuwanderern, als problematisch. Es ist richtig, dass sich viele von ihnen einer Integration entziehen. Das wird viele Gr\u00fcnde haben, auch religi\u00f6se. Und sicherlich ist nicht falsch, wenn man dem Islam vorwirft, nicht dem zu entsprechen, was unsere moderne Gesellschaft ausmacht. Aber diesen Vorwurf m\u00fcsste man dann auch den christlichen Kirchen gegen\u00fcber \u00e4u\u00dfern.<\/p>\n<p>Was das Schlimme an dem Buch von Herrn Sarrazin ist, dass seine Thesen die Vorurteile vieler Deutsche pseudo-wissenschaftlich untermauern. Zwar mahnen Experten und verweisen darauf, dass vieles davon \u201eaus dem Zusammenhang gerissen\u201c wurde. Aber wie auch immer: Das Problem bleibt bestehen \u2013 und den Menschen, Deutschen wie Zuwanderern, ist nicht gedient.<\/p>\n<p>Nur am Rande: Der Name Sarrazin klingt nicht sehr deutsch. Ich habe irgendwo gelesen, dass er ein Nachfahre von franz\u00f6sischen <a href=\"https:\/\/de.wikipedia.org\/wiki\/Hugenotten\" target=\"_blank\">Hugenotten<\/a> sei. Ich selbst bin sicherlich auch alles andere als ein \u201areiner\u2019 Deutscher, auch wenn sich mein Nachname aus dem Althochdeutschen (oder als lateinische Form) herleiten l\u00e4sst. Meine Frau hat einen polnischen Nachnamen \u2013 wie auch viele, die im Ruhrgebiet leben. Begriffe wie Volk oder Nation lassen sich also schon aus dieser Tatsache heraus nur wage definieren.<\/p>\n<p>Ich habe einmal in diesem Blog (<a href=\"https:\/\/www.willizblog.de\/?p=1446\" target=\"_blank\">Mesut \u00d6zil \u2013 neue Integrationsfigur?!<\/a>) geschrieben:<\/p>\n<p><em>Es bedurfte eigentlich keiner Studie, um zu wissen, dass <a href=\"http:\/\/forumamfreitag.zdf.de\/ZDFde\/inhalt\/8\/0,1872,7509640,00.html\" target=\"_blank\">Zuwanderer aus der T\u00fcrkei schlechter in Deutschland integriert<\/a> sind als andere Gruppen. Jetzt wissen wir: Jeder Dritte ist ohne Schulabschluss. Die Gr\u00fcnde sind vielf\u00e4ltig. Neben der allgegenw\u00e4rtigen Ablehnung durch die deutsche Gesellschaft ist ein Grund sicherlich auch der, dass t\u00fcrkische Migranten viel zu lange geglaubt haben, Deutschland w\u00e4re nur ein Provisorium f\u00fcr sie.<\/em><\/p>\n<p>Wie gesagt: Die Gr\u00fcnde sind vielf\u00e4ltig. Vorurteile helfen auf jeden Fall nicht weiter. Denkanst\u00f6\u00dfe sicherlich. Nur diese verquaste Vermischung von beidem finde ich fatal. Nicht umsonst wirft man Herrn Sarrazin rechtsgerichtete Gesinnung vor. Ich pers\u00f6nlich halte ihn f\u00fcr einen wirren Geist, dem eigentlich nur eigene (finanzielle) Interessen vorrangig sind.<\/p>\n","protected":false},"excerpt":{"rendered":"<p>Lange Zeit hatte ich mich geweigert, zu Herrn Sarrazin in diesem Blog etwas zu schreiben. Dann habe ich zwar begonnen, einen Beitrag zu verfassen, bin aber schnell \u00fcber viele Einzelheiten gestolpert, die ich f\u00fcr erw\u00e4hnenswert hielt \u2013 so wurde der Beitrag l\u00e4nger und l\u00e4nger &#8230; Ich begann wie folgt: Jetzt ist er vom Vorstandsposten bei &hellip; <a href=\"https:\/\/willizblog.de\/?p=3364\" class=\"more-link\"><span class=\"screen-reader-text\">Sarrazin ist kein Deutscher<\/span> weiterlesen <span class=\"meta-nav\">&rarr;<\/span><\/a><\/p>\n","protected":false},"author":1,"featured_media":0,"comment_status":"open","ping_status":"open","sticky":false,"template":"","format":"standard","meta":[],"categories":[2],"tags":[],"_links":{"self":[{"href":"https:\/\/willizblog.de\/index.php?rest_route=\/wp\/v2\/posts\/3364"}],"collection":[{"href":"https:\/\/willizblog.de\/index.php?rest_route=\/wp\/v2\/posts"}],"about":[{"href":"https:\/\/willizblog.de\/index.php?rest_route=\/wp\/v2\/types\/post"}],"author":[{"embeddable":true,"href":"https:\/\/willizblog.de\/index.php?rest_route=\/wp\/v2\/users\/1"}],"replies":[{"embeddable":true,"href":"https:\/\/willizblog.de\/index.php?rest_route=%2Fwp%2Fv2%2Fcomments&post=3364"}],"version-history":[{"count":0,"href":"https:\/\/willizblog.de\/index.php?rest_route=\/wp\/v2\/posts\/3364\/revisions"}],"wp:attachment":[{"href":"https:\/\/willizblog.de\/index.php?rest_route=%2Fwp%2Fv2%2Fmedia&parent=3364"}],"wp:term":[{"taxonomy":"category","embeddable":true,"href":"https:\/\/willizblog.de\/index.php?rest_route=%2Fwp%2Fv2%2Fcategories&post=3364"},{"taxonomy":"post_tag","embeddable":true,"href":"https:\/\/willizblog.de\/index.php?rest_route=%2Fwp%2Fv2%2Ftags&post=3364"}],"curies":[{"name":"wp","href":"https:\/\/api.w.org\/{rel}","templated":true}]}}