{"id":3370,"date":"2010-09-16T09:20:39","date_gmt":"2010-09-16T08:20:39","guid":{"rendered":"http:\/\/www.willizblog.de\/?p=3370"},"modified":"2010-09-22T14:07:08","modified_gmt":"2010-09-22T13:07:08","slug":"merkel-und-die-atomlobby","status":"publish","type":"post","link":"https:\/\/willizblog.de\/?p=3370","title":{"rendered":"Merkel und die Atomlobby"},"content":{"rendered":"<p><strong>Macht mit beim Protest! Kommt zur Demo am 18. September nach Berlin! Aufruf zum &#8222;Hei\u00dfen Herbst&#8220;!<\/strong><\/p>\n<p><strong>Die schwarz-gelbe Koalition hat eine Laufzeitverl\u00e4ngerung f\u00fcr alle 17 deutschen Atomkraftwerke beschlossen. Der Vertrag \u00fcber den Atomausstieg, den die vier gro\u00dfen Energiekonzerne vor zehn Jahren unterschrieben haben, wurde gebrochen. Sogar bis ins Jahr 2050 k\u00f6nnten danach AKW in unserem Land weiter laufen. Selbst die \u00e4ltesten, hochgradig st\u00f6ranf\u00e4lligen Schrottmeiler sollen mindestens acht Jahre l\u00e4nger laufen. Damit haben Merkel, Westerwelle, R\u00f6ttgen und Seehofer unsere Zukunft an die Atomlobby verkauft. Die Bundeskanzlerin hat einen schmutzigen Deal mit RWE, E.ON und Co. gemacht, der den Konzernen Milliarden in die Kassen scheffelt. Dieser Deal ist ein energiepolitisches Fiasko.<\/strong><\/p>\n<p>Die Laufzeitverl\u00e4ngerung ist ein <strong>Ablasshandel auf Kosten der Sicherheit<\/strong>. Das Risiko der Bev\u00f6lkerung wird erh\u00f6ht, daf\u00fcr bekommt die Bundesregierung 15 Milliarden Euro. Das sind nicht einmal 13 Prozent der Gewinne von RWE, E.ON und Co. Daf\u00fcr d\u00fcrfen die Atomkonzerne Deutschland ihr Gesch\u00e4ftsmodell aufzwingen: Kohle und Atommonopol im Innern, Verdr\u00e4ngung der erneuerbaren Energien ins Ausland.<\/p>\n<p>Die Laufzeitverl\u00e4ngerung <strong>l\u00e4sst uralte Schrottreaktoren bis zu 50 Jahre am St\u00fcck<\/strong> laufen. Schon heute w\u00e4re keines der 17 deutschen Atomkraftwerke mehr genehmigungsf\u00e4hig! Und schon gar nicht sind sie gegen Flugzeugabst\u00fcrze gesichert.<\/p>\n<p>Die Laufzeitverl\u00e4ngerung <strong>vermehrt die Menge des Atomm\u00fclls<\/strong> um j\u00e4hrlich rund 400 Tonnen. Der radioaktive M\u00fcll in den Zwischenlagern wird durch die Laufzeitverl\u00e4ngerung verdoppelt, daher m\u00fcssen an allen Zwischenlagern neue Genehmigungsverfahren her &#8211; denn ein Endlager ist bis heute nicht in Sicht.<\/p>\n<p>Die Laufzeitverl\u00e4ngerung <strong>bremst die erneuerbaren Energien<\/strong> aus. Nach den Gutachten der Bundesregierung wird sich der Zuwachs an erneuerbarer Energie von heute j\u00e4hrlich 5.185 Megawatt (MW) auf 3.448 MW vermindern, wenn AKWs l\u00e4nger laufen. 2020 wird es 21 Prozent weniger Wind, Wasser und Solarstrom geben, als ohne Laufzeitverl\u00e4ngerung.<\/p>\n<p>Die Laufzeitverl\u00e4ngerung <strong>mindert die Energiesicherheit<\/strong>. Nach den Gutachten der Bundesregierung wird Deutschland von einem Stromexportland zu einem Stromimportland. Bis zu 31 Prozent des deutschen Stroms m\u00fcssten 2050 aus dem Ausland importiert werden.<\/p>\n<p>Die Laufzeitverl\u00e4ngerung <strong>n\u00fctzt ausschlie\u00dflich den Atomkonzernen RWE, E.ON und Co. <\/strong> Jedes Jahr Verl\u00e4ngerung bringt bis zu 10 Milliarden Euro Zusatzgewinne. Letztlich geht die jetzt beschlossene Verl\u00e4ngerung sogar um Jahre \u00fcber das hinaus, was die Konzerne seinerzeit bei den Verhandlungen \u00fcber den Atomkonsens von der rot-gr\u00fcnen Koalition gefordert hatten.<\/p>\n<p>Die Laufzeitverl\u00e4ngerung <strong>zementiert die Marktmacht der vier Stromoligopolisten<\/strong>. Konsequenz f\u00fcr alle Verbraucher: Weniger Wettbewerb hei\u00dft h\u00f6here Preise. Die Laufzeitverl\u00e4ngerung ist <strong>verfassungswidrig<\/strong>, weil sie ohne Zustimmung des Bundesrates nicht in Kraft treten kann &#8211; genau dies versucht die schwarz-gelbe Bundesregierung aber.<\/p>\n<p>Die GR\u00dcNE werden gegen diesen Irrsinn vor dem Bundesverfassungsgericht klagen. Und sie werden<br \/>\nihn sp\u00e4testens dann r\u00fcckg\u00e4ngig machen, wenn sie im Bund wieder Regierungsverantwortung tragen. Doch auch Du kannst etwas tun. Zeig Merkel &#038; Co. auf der Stra\u00dfe, dass sie Politik gegen den Mehrheitswillen der Bev\u00f6lkerung machen!<\/p>\n<p><strong>Kommt mit am 18. September nach Berlin und demonstriert gegen die Atom-Koalition!<\/strong><\/p>\n<p>aus: Faltblatt <a href=\"http:\/\/www.gruene.de\/fileadmin\/user_upload\/Dokumente\/Atomkraft\/Flugblatt_Atomkonzept.pdf\" target=\"_blank\"><strong>B\u00fcndnis 90\/Die Gr\u00fcnen<\/strong><\/a><\/p>\n<p>Kontakt:<br \/>\nBundesgesch\u00e4ftsstelle B\u00fcndnis 90\/Die Gr\u00fcnen<br \/>\nPlatz vor dem Neuen Tor 1<br \/>\n10115 Berlin<\/p>\n<p><a href=\"http:\/\/www.gruene.de\/antiatom\" target=\"_blank\"><strong>www.gruene.de\/antiatom<\/strong><\/a><\/p>\n","protected":false},"excerpt":{"rendered":"<p>Macht mit beim Protest! Kommt zur Demo am 18. September nach Berlin! Aufruf zum &#8222;Hei\u00dfen Herbst&#8220;! Die schwarz-gelbe Koalition hat eine Laufzeitverl\u00e4ngerung f\u00fcr alle 17 deutschen Atomkraftwerke beschlossen. Der Vertrag \u00fcber den Atomausstieg, den die vier gro\u00dfen Energiekonzerne vor zehn Jahren unterschrieben haben, wurde gebrochen. Sogar bis ins Jahr 2050 k\u00f6nnten danach AKW in unserem &hellip; <a href=\"https:\/\/willizblog.de\/?p=3370\" class=\"more-link\"><span class=\"screen-reader-text\">Merkel und die Atomlobby<\/span> weiterlesen <span class=\"meta-nav\">&rarr;<\/span><\/a><\/p>\n","protected":false},"author":1,"featured_media":0,"comment_status":"open","ping_status":"open","sticky":false,"template":"","format":"standard","meta":[],"categories":[12,2],"tags":[133,123,132,131,135,136],"_links":{"self":[{"href":"https:\/\/willizblog.de\/index.php?rest_route=\/wp\/v2\/posts\/3370"}],"collection":[{"href":"https:\/\/willizblog.de\/index.php?rest_route=\/wp\/v2\/posts"}],"about":[{"href":"https:\/\/willizblog.de\/index.php?rest_route=\/wp\/v2\/types\/post"}],"author":[{"embeddable":true,"href":"https:\/\/willizblog.de\/index.php?rest_route=\/wp\/v2\/users\/1"}],"replies":[{"embeddable":true,"href":"https:\/\/willizblog.de\/index.php?rest_route=%2Fwp%2Fv2%2Fcomments&post=3370"}],"version-history":[{"count":0,"href":"https:\/\/willizblog.de\/index.php?rest_route=\/wp\/v2\/posts\/3370\/revisions"}],"wp:attachment":[{"href":"https:\/\/willizblog.de\/index.php?rest_route=%2Fwp%2Fv2%2Fmedia&parent=3370"}],"wp:term":[{"taxonomy":"category","embeddable":true,"href":"https:\/\/willizblog.de\/index.php?rest_route=%2Fwp%2Fv2%2Fcategories&post=3370"},{"taxonomy":"post_tag","embeddable":true,"href":"https:\/\/willizblog.de\/index.php?rest_route=%2Fwp%2Fv2%2Ftags&post=3370"}],"curies":[{"name":"wp","href":"https:\/\/api.w.org\/{rel}","templated":true}]}}