{"id":3412,"date":"2010-09-26T18:02:22","date_gmt":"2010-09-26T17:02:22","guid":{"rendered":"http:\/\/www.willizblog.de\/?p=3412"},"modified":"2010-09-26T18:07:08","modified_gmt":"2010-09-26T17:07:08","slug":"das-leben-der-tod-01-ein-regentag","status":"publish","type":"post","link":"https:\/\/willizblog.de\/?p=3412","title":{"rendered":"Das Leben. Der Tod. (01) Ein Regentag"},"content":{"rendered":"<p>Geburt. Der Tod. Dazwischen ein Leben. Mein Leben. Ein Leben in der Zeit. Ein menschliches Leben, bestimmt und gepr\u00e4gt von menschlichen Ansichten, ausgerichtet auf das Ziel, dem Leben einen Sinn zu geben.<\/p>\n<p>Was ist aber ein Leben, mein Leben: Was bin ICH davon, von all den Gedanken und Gef\u00fchlen, die ich habe? Was ist aus mir selbst erwachsen, das nicht von au\u00dfen den Stempel anderer aufgedr\u00fcckt bekommen hat? Und ist nicht auch vieles in mir, dass das Gepr\u00e4ge, von meinen Ahnen gebildet, widerspiegelt? Bin ich nicht ein Gewusel, eine Mischung, ein Cocktail aus Veranlagung und Einwirkung, ein Spielball innerer und \u00e4u\u00dferer Kr\u00e4fte?<\/p>\n<p>Ein Tag in meinem Leben. Ein Tag von vielen. Ein Regentag. Es regnet ohne Unterlass. Die Regentropfen platschen auf die Scheibe, sinken hinab und zerflie\u00dfen. Der Blick aus dem Fenster zeigt ein verschwommenes Bild der B\u00e4ume, hinter denen sich die Dunkelheit noch verbirgt, um bald hervorzubrechen, um den Tag, den Regentag, einzuh\u00fcllen in schwarze Kleider.<\/p>\n<p><img src=\"https:\/\/www.willizblog.de\/blogpicts\/leben_tod_01_regentag_5775_web.jpg\" alt=\"Wilfried Albin: Das Leben. Der Tod. (01) Ein Regentag\" \/><\/p>\n<p>Im Ohr klingen die Regentropfen wie ferner Trommelwirbel. Dem Regen m\u00fcssen die Arme lahm werden, denn er trommelt schon seit Stunden.<\/p>\n<p>Und wie der Tag sich dem Ende neigt, so vergeht eines Tages mein Leben. Da versinkt mein Blick in Nacht \u2013 und ein letzter Gedanke durchzuckt die Hirnwindungen, der vielleicht erste und einzigste, der echte, MEIN Gedanke. Und ein letztes Gef\u00fchl steigt aus dem Leib, das vielleicht erste und gleichzeitig letzte, das reine, MEIN Gef\u00fchl. Und in beiden offenbart sich mit Grund mein ICH.<\/p>\n<p>(1. Fassung: 26.09.2010)<\/p>\n","protected":false},"excerpt":{"rendered":"<p>Geburt. Der Tod. Dazwischen ein Leben. Mein Leben. Ein Leben in der Zeit. Ein menschliches Leben, bestimmt und gepr\u00e4gt von menschlichen Ansichten, ausgerichtet auf das Ziel, dem Leben einen Sinn zu geben. Was ist aber ein Leben, mein Leben: Was bin ICH davon, von all den Gedanken und Gef\u00fchlen, die ich habe? Was ist aus &hellip; <a href=\"https:\/\/willizblog.de\/?p=3412\" class=\"more-link\"><span class=\"screen-reader-text\">Das Leben. Der Tod. (01) Ein Regentag<\/span> weiterlesen <span class=\"meta-nav\">&rarr;<\/span><\/a><\/p>\n","protected":false},"author":1,"featured_media":0,"comment_status":"open","ping_status":"open","sticky":false,"template":"","format":"standard","meta":[],"categories":[30],"tags":[],"_links":{"self":[{"href":"https:\/\/willizblog.de\/index.php?rest_route=\/wp\/v2\/posts\/3412"}],"collection":[{"href":"https:\/\/willizblog.de\/index.php?rest_route=\/wp\/v2\/posts"}],"about":[{"href":"https:\/\/willizblog.de\/index.php?rest_route=\/wp\/v2\/types\/post"}],"author":[{"embeddable":true,"href":"https:\/\/willizblog.de\/index.php?rest_route=\/wp\/v2\/users\/1"}],"replies":[{"embeddable":true,"href":"https:\/\/willizblog.de\/index.php?rest_route=%2Fwp%2Fv2%2Fcomments&post=3412"}],"version-history":[{"count":0,"href":"https:\/\/willizblog.de\/index.php?rest_route=\/wp\/v2\/posts\/3412\/revisions"}],"wp:attachment":[{"href":"https:\/\/willizblog.de\/index.php?rest_route=%2Fwp%2Fv2%2Fmedia&parent=3412"}],"wp:term":[{"taxonomy":"category","embeddable":true,"href":"https:\/\/willizblog.de\/index.php?rest_route=%2Fwp%2Fv2%2Fcategories&post=3412"},{"taxonomy":"post_tag","embeddable":true,"href":"https:\/\/willizblog.de\/index.php?rest_route=%2Fwp%2Fv2%2Ftags&post=3412"}],"curies":[{"name":"wp","href":"https:\/\/api.w.org\/{rel}","templated":true}]}}