{"id":3427,"date":"2010-09-28T12:13:57","date_gmt":"2010-09-28T11:13:57","guid":{"rendered":"http:\/\/www.willizblog.de\/?p=3427"},"modified":"2010-09-28T12:13:57","modified_gmt":"2010-09-28T11:13:57","slug":"kuhhandel-%e2%80%93-wie-auf-dem-basar","status":"publish","type":"post","link":"https:\/\/willizblog.de\/?p=3427","title":{"rendered":"Kuhhandel \u2013 wie auf dem Basar"},"content":{"rendered":"<p>Meine Eltern hatten bis vor 10 Jahren eine <a href=\"https:\/\/www.willizblog.de\/?p=3282\" target=\"_blank\">Ferienwohnung<\/a> im S\u00fcden <a href=\"https:\/\/www.albinz.net\/spanien.html\" target=\"_blank\">Spaniens<\/a>. Mit meiner Frau (und sp\u00e4ter auch mit meinen beiden S\u00f6hnen) machte ich dort \u00f6fter Urlaub und nutzte die Zeit auch f\u00fcr kleinere Rundreisen. So kam ich mit meiner Frau (damals noch meine Freundin) 1986 nach Tanger in Marokko. Von Spanien her setzten wir mit der F\u00e4hre nach Tanger \u00fcber. Gleich am Hafen kam ein Einheimischer auf uns zu und bot sich uns als F\u00fchrer durch die Stadt an. Schnell handelten wir den Preis daf\u00fcr aus und los ging\u2019s. Er f\u00fchrte uns u.a. durch die <a href=\"https:\/\/de.wikipedia.org\/wiki\/Kasbah\" target=\"_blank\">Kasbah<\/a>, genauer die <a href=\"https:\/\/de.wikipedia.org\/wiki\/Medina_%28Stadtteil%29\" target=\"_blank\">Medina<\/a> von Tanger, also durch die Altstadt.<\/p>\n<p><img loading=\"lazy\" border=\"0\" src=\"https:\/\/www.albinz.net\/images\/spanien04.jpg\" width=\"540\" height=\"371\" alt=\"Medina von Tanger\/Marokko\"><\/p>\n<p>So besuchten wir dort auch einen Teppichh\u00e4ndler, der uns mit frischem Pfefferminztee bewirtete und nat\u00fcrlich versuchte, uns einen Teppich zu verkaufen. Ich erinnere mich noch an die Blicke amerikanischer Reisender, die von einem Angestellten des H\u00e4ndlers durch den Laden gef\u00fchrt wurden, und an jenes auf uns gem\u00fcnzte, neidvolle \u201eOh, Pepperminttea!\u201c. Am Schluss schaffte es der H\u00e4ndler, uns einen, wenn auch kleinen Teppich zu verkaufen. Bis der Handel abgeschlossen war, wurde aber kr\u00e4ftig gefeilscht, bis auch wir mit dem Preis zufrieden waren.<\/p>\n<p>Warum schreibe ich das und hole dazu soweit aus? Auch bei uns wird zunehmend wie in der Altstadt von Tanger Handel getrieben. Es darf gefeilscht und geschachert werden. Wer nicht mithalten kann, der zieht den K\u00fcrzeren. Bei dem Teppichh\u00e4ndler mag das noch Sinn machen (bereits im Restaurant mussten wir das zahlen, was zuvor auf der Speisekarte als Preis stand), sicherlich auch noch auf dem Flohmarkt (das geh\u00f6rt mit zum Spa\u00df) oder auch auf dem Viehmarkt. Aber im Umgang mit Krankenkassen und Versicherungen, da finde ich das schon ziemlich fragw\u00fcrdig.<\/p>\n<p>Aber genau das mussten wir tun: Schachern! Ein Sohn bekam eine Zahnspange, die samt Arztleistungen viel Geld kostet. Die Krankenkasse wollte aber nicht zahlen, da nach ihren Vorschriften keine Notwendigkeit bestand (es ging nur ein oder zwei Millimeter Abweichung von einem bestimmten Grenzwert). Erst nach l\u00e4ngerem Feilschen (hier in Form von Widerspruch, K\u00fcndigungsdrohung u.\u00e4.) \u00fcbernahm die Krankenkasse doch den Gro\u00dfteil der Kosten, wenn auch nicht alles. Aber immerhin. \u00c4hnlich verhielt es sich jetzt, als meine Frau Kosten f\u00fcr eine Heilpraktikerin (u.a. f\u00fcr Akupunktur) ersetzt haben wollte. Unsere ersten Antr\u00e4ge auf Kostenerstattung wurden immer abgelehnt. Erst wenn wir den Druck erh\u00f6hten, kam man uns entgegen. Wie beim Kuhhandel also. Oder wie auf einem orientalischen Markt.<\/p>\n<p>Am Rande vermerkt: In dieser Woche bekamen wir von unserer Krankenkasse neue Versichertenkarten, da die alten zum Jahresende auslaufen: goldenfarbene Versichertenkarten. Wirklich super! Ich wei\u00df nicht, ob ich lachen oder weinen soll. Was soll dieses Blendwerk? Denn wie alle Krankenversicherten (gewisserma\u00dfen als Gegenleistung f\u00fcr das goldene Blendwerk?) d\u00fcrfen wir ab 1. Januar auch mehr an Beitrag zahlen.<\/p>\n<p><img src=\"https:\/\/www.willizblog.de\/blogpicts\/hek_versichertenkarte_gold.jpg\" alt=\"Blendwerk: Goldene Versichertenkarte\" \/><\/p>\n<p>Dieser Kuhhandel ist nat\u00fcrlich kein Einzelfall und kommt z.B. auch bei Kfz-Versicherungen vor. Bisher hatten wir kein Auto und h\u00e4tten bestimmt weiterhin keines, aber unser \u00e4lterer Sohn hat seinen F\u00fchrerschein gemacht und wollte nun auch gern einen fahrbaren Untersatz (siehe meinen Beitrag: <a href=\"https:\/\/www.willizblog.de\/?p=953\" target=\"_blank\">Tanz ums goldene Kalb<\/a>). Da nun das neue Auto auch unser erstes ist, m\u00fcssen wir kr\u00e4ftig Kfz-Versicherung zahlen. Die Versicherung l\u00e4uft seit 1. September. Damit wir aber bereits zum n\u00e4chsten ersten Januar in eine g\u00fcnstigere Schadenfreiheitsklasse eingestuft werden k\u00f6nnten, bot uns der Versicherung an, den Versicherungsbeginn auf den 1. Juli zur\u00fcckzudatieren \u2013 gegen Bezahlung versteht sich. Allerdings auf eigenes Risiko. Denn in einem Schadensfall w\u00fcrden wir nat\u00fcrlich in der gleichen Schadensklasse verbleiben. <\/p>\n<p>Dort, wo wir unseren eigenen Vorteil sahen, sind wir auf den uns angebotenen Kuhhandel eingegangen (wir w\u00e4ren ja sch\u00f6n bl\u00f6d, wenn nicht). Aber Begriffe wie Rechtssicherheit, Vertragstreue oder wie man es immer auch nennen will, werden hier mit F\u00fc\u00dfen getreten. Vielleicht bin ich da etwas zu blau\u00e4ugig, zu naiv, aber vielleicht sollte ich im Gegenteil auch einmal mit dem Finanzamt versuchen, \u00fcber meine Steuerlast zu feilschen. Ich hab\u2019s bisher noch nicht versucht.<\/p>\n","protected":false},"excerpt":{"rendered":"<p>Meine Eltern hatten bis vor 10 Jahren eine Ferienwohnung im S\u00fcden Spaniens. Mit meiner Frau (und sp\u00e4ter auch mit meinen beiden S\u00f6hnen) machte ich dort \u00f6fter Urlaub und nutzte die Zeit auch f\u00fcr kleinere Rundreisen. So kam ich mit meiner Frau (damals noch meine Freundin) 1986 nach Tanger in Marokko. Von Spanien her setzten wir &hellip; <a href=\"https:\/\/willizblog.de\/?p=3427\" class=\"more-link\"><span class=\"screen-reader-text\">Kuhhandel \u2013 wie auf dem Basar<\/span> weiterlesen <span class=\"meta-nav\">&rarr;<\/span><\/a><\/p>\n","protected":false},"author":1,"featured_media":0,"comment_status":"open","ping_status":"open","sticky":false,"template":"","format":"standard","meta":[],"categories":[2],"tags":[],"_links":{"self":[{"href":"https:\/\/willizblog.de\/index.php?rest_route=\/wp\/v2\/posts\/3427"}],"collection":[{"href":"https:\/\/willizblog.de\/index.php?rest_route=\/wp\/v2\/posts"}],"about":[{"href":"https:\/\/willizblog.de\/index.php?rest_route=\/wp\/v2\/types\/post"}],"author":[{"embeddable":true,"href":"https:\/\/willizblog.de\/index.php?rest_route=\/wp\/v2\/users\/1"}],"replies":[{"embeddable":true,"href":"https:\/\/willizblog.de\/index.php?rest_route=%2Fwp%2Fv2%2Fcomments&post=3427"}],"version-history":[{"count":0,"href":"https:\/\/willizblog.de\/index.php?rest_route=\/wp\/v2\/posts\/3427\/revisions"}],"wp:attachment":[{"href":"https:\/\/willizblog.de\/index.php?rest_route=%2Fwp%2Fv2%2Fmedia&parent=3427"}],"wp:term":[{"taxonomy":"category","embeddable":true,"href":"https:\/\/willizblog.de\/index.php?rest_route=%2Fwp%2Fv2%2Fcategories&post=3427"},{"taxonomy":"post_tag","embeddable":true,"href":"https:\/\/willizblog.de\/index.php?rest_route=%2Fwp%2Fv2%2Ftags&post=3427"}],"curies":[{"name":"wp","href":"https:\/\/api.w.org\/{rel}","templated":true}]}}