{"id":3431,"date":"2010-09-29T10:01:31","date_gmt":"2010-09-29T09:01:31","guid":{"rendered":"http:\/\/www.willizblog.de\/?p=3431"},"modified":"2010-09-29T11:41:07","modified_gmt":"2010-09-29T10:41:07","slug":"38-flohmarkt-in-tostedt-toster-markt","status":"publish","type":"post","link":"https:\/\/willizblog.de\/?p=3431","title":{"rendered":"38. Flohmarkt in Tostedt (T\u00f6ster Markt)"},"content":{"rendered":"<p>Es ist wieder soweit: Am kommenden Samstag (02. Oktober) findet in unserem kleinen Heideort Tostedt, auf halber Strecke zwischen Bremen und Hamburg gelegen, Norddeutschlands gr\u00f6\u00dfter Flohmarkt mit rund 700 Ausstellern auf ca. 6.580 Metern Standfrontfl\u00e4che statt \u2013 in diesem Jahr zum 38. Mal. Der Flohmarkt in Tostedt wird auch kurz <a href=\"https:\/\/www.albinz.net\/tostedt\/tostedt_flohmarkt.html\" target=\"_blank\">T\u00f6ster Markt<\/a> genannt (T\u00f6st ist die niederdeutsche Form von Tostedt).<\/p>\n<p>Der Flohmarkt \u00f6ffnet offiziell von 10.00-18.00 Uhr seine Pforten. Insider stehen aber schon ab 5 Uhr auf der Matte. Neben den rund 700 Ausstellern gibt es auch Musik mit der Pankopen Kapelle, Horny Jazz Union, und Sch\u00fclerband. Au\u00dferdem dabei Bungee-Jumping und Ekki, das Maskottchen des veranstaltenden <a href=\"http:\/\/www.werbekreis-tostedt.de\/neuigkeiten\/148-flohmarkt-2010.html\" target=\"_blank\">Werbekreises Tostedt<\/a>. <\/p>\n<p><img src=\"https:\/\/www.willizblog.de\/blogpicts\/toester_flohmarkt_2009_ha.jpg\" alt=\"T\u00f6ster Flohmarkt 2009\" \/><\/p>\n<p>Noch verspricht die Wettervorhersage meist wolkiges, aber trockenes Wetter. Erst am Abend soll es einige Regentropfen geben. Hoffen wir also das Beste.<\/p>\n<p><em>Kleiner Tipp am Rande:<\/em><br \/>\nFlohmarkt in Tostedt mit dem DRK, ab 7.00 Uhr Fr\u00fchst\u00fcck,<br \/>\nab 11.30 Uhr Mittagessen, ab 14.00 Uhr Kaffeestube, in der<br \/>\nGesch\u00e4ftsstelle, Himmelsweg 23, Info: Dieter Weis, Tel.: 04182-1233.<\/p>\n<p>Am Sonntag, den 3. Oktober gibt es dann auch noch einen verkaufsoffenen Sonntag in Tostedt von 12.00- 17.00 Uhr., Info: Jens Gerlach und Christian Wilkens, ein Termin des Werbekreises Tostedt.<\/p>\n<p>siehe auch das folgende Video: <a href=\"https:\/\/www.willizblog.de\/?p=2254\" target=\"_blank\">Flohmarktfieber: T\u00f6ster Markt 2009<\/a><\/p>\n","protected":false},"excerpt":{"rendered":"<p>Es ist wieder soweit: Am kommenden Samstag (02. Oktober) findet in unserem kleinen Heideort Tostedt, auf halber Strecke zwischen Bremen und Hamburg gelegen, Norddeutschlands gr\u00f6\u00dfter Flohmarkt mit rund 700 Ausstellern auf ca. 6.580 Metern Standfrontfl\u00e4che statt \u2013 in diesem Jahr zum 38. Mal. Der Flohmarkt in Tostedt wird auch kurz T\u00f6ster Markt genannt (T\u00f6st ist &hellip; <a href=\"https:\/\/willizblog.de\/?p=3431\" class=\"more-link\"><span class=\"screen-reader-text\">38. Flohmarkt in Tostedt (T\u00f6ster Markt)<\/span> weiterlesen <span class=\"meta-nav\">&rarr;<\/span><\/a><\/p>\n","protected":false},"author":1,"featured_media":0,"comment_status":"open","ping_status":"open","sticky":false,"template":"","format":"standard","meta":[],"categories":[11,28],"tags":[143,446,144],"_links":{"self":[{"href":"https:\/\/willizblog.de\/index.php?rest_route=\/wp\/v2\/posts\/3431"}],"collection":[{"href":"https:\/\/willizblog.de\/index.php?rest_route=\/wp\/v2\/posts"}],"about":[{"href":"https:\/\/willizblog.de\/index.php?rest_route=\/wp\/v2\/types\/post"}],"author":[{"embeddable":true,"href":"https:\/\/willizblog.de\/index.php?rest_route=\/wp\/v2\/users\/1"}],"replies":[{"embeddable":true,"href":"https:\/\/willizblog.de\/index.php?rest_route=%2Fwp%2Fv2%2Fcomments&post=3431"}],"version-history":[{"count":0,"href":"https:\/\/willizblog.de\/index.php?rest_route=\/wp\/v2\/posts\/3431\/revisions"}],"wp:attachment":[{"href":"https:\/\/willizblog.de\/index.php?rest_route=%2Fwp%2Fv2%2Fmedia&parent=3431"}],"wp:term":[{"taxonomy":"category","embeddable":true,"href":"https:\/\/willizblog.de\/index.php?rest_route=%2Fwp%2Fv2%2Fcategories&post=3431"},{"taxonomy":"post_tag","embeddable":true,"href":"https:\/\/willizblog.de\/index.php?rest_route=%2Fwp%2Fv2%2Ftags&post=3431"}],"curies":[{"name":"wp","href":"https:\/\/api.w.org\/{rel}","templated":true}]}}