{"id":3436,"date":"2010-09-30T10:01:50","date_gmt":"2010-09-30T09:01:50","guid":{"rendered":"http:\/\/www.willizblog.de\/?p=3436"},"modified":"2010-09-30T09:24:12","modified_gmt":"2010-09-30T08:24:12","slug":"desolat-und-desastros","status":"publish","type":"post","link":"https:\/\/willizblog.de\/?p=3436","title":{"rendered":"Desolat und desastr\u00f6s"},"content":{"rendered":"<p>F\u00fcr Fans des SV Werder Bremen sind das jetzt schwere Wochen. Und ich f\u00fcrchte, dass es eine schwere Saison wird. Was die Fu\u00dfballer von der Weser zz. spielerisch bieten, ist \u201eunter aller Sau\u201c. Die Saison begann f\u00fcr Werder Bremen mit einem Paukenschlag, allerdings einem negativen: Zum Auftakt gab es eine 1:5-Testspiel-Niederlage beim FC Fulham. Und die Bundesliga-Saison begann mit einer 1:4-Klatsche bei der TSG 1899 Hoffenheim. Anschlie\u00dfend zeigten die Bremer wieder ihr <a href=\"https:\/\/de.wikipedia.org\/wiki\/Ianus\" target=\"_blank\">Janusgesicht<\/a>, einmal l\u00e4chelnd (gegen K\u00f6ln, die Bayern und wenn auch mit einem krampfhaften L\u00e4cheln gegen den HSV), dann weinend gegen Mainz und in Hannover. Nach sechs Spieltagen steht Werder Bremen auf einen bescheidenen 12. Platz.<\/p>\n<p>Immerhin schaffte Werder auch <a href=\"https:\/\/www.willizblog.de\/?p=3250\" target=\"_blank\">ohne \u00d6zil<\/a> die Qualifikation zur Champions League gegen Sampdoria Genua (<a href=\"https:\/\/www.willizblog.de\/?p=3279\" target=\"_blank\">Das \u201eWunder\u201c von Genua<\/a>) und konnte im 1. Spiel in der Gruppenphase gegen Tottenham Hotspur gerade noch eine Niederlage abwenden. Aber was die Mannschaft gestern in <a href=\"http:\/\/fussball.zdf.de\/ZDFsport\/inhalt\/25\/0,5676,8116473,00.html\" target=\"_blank\">Mailand beim 0:4 gegen Inter<\/a> bot (okay, die sind immerhin der Titelverteidiger) war alles anderes als \u201eprickelnd\u201c.<\/p>\n<p>Dabei find alles ganz gut an. Hugo Almeida hatte drei gro\u00dfe Chancen: Nach 125 Sekunden st\u00fcrmte Inter-Keeper Julio Cesar bei einem langen Ball unn\u00f6tig aus seinem Kasten &#8211; den Heber von Hugo Almeida kl\u00e4rte der Ex-M\u00fcnchner Lucio knapp vor der Linie. Bei Almeidas krachendem Freisto\u00df eine Minute sp\u00e4ter sah der brasilianische Nationaltorh\u00fcter schon besser aus. In der 20. Minute vergab Almeida seine dritte Gelegenheit \u2013 eine so genannte 100 %-ige Chance. Es ist m\u00fc\u00dfig dar\u00fcber zu diskutieren, ob ein Claudio Pizarro mit seiner filigranen Technik \u2013 leider ist er wiederum verletzt &#8211; eine dieser Chancen genutzt h\u00e4tte. Almeida ist mehr der Mann f\u00fcrs Grobe, der seine Tore mit Hammersch\u00fcssen erzielt oder durch krachende Kopfb\u00e4lle.<\/p>\n<p>Vielleicht waren diese vergebenen M\u00f6glichkeiten auch schon symptomatisch f\u00fcr das, was dann kam. Die Bremer griffen meist erst an der Mittellinie an und pr\u00e4sentierten sich in der R\u00fcckw\u00e4rtsbewegung v\u00f6llig orientierungslos. Und so f\u00fchrte Daniel Jensens leichtfertiger Ballverlust zum 1:0. Dann beim 2:0 lie\u00df Eto&#8217;o nach einem Traumpass von Lucio Innenverteidiger Sebastian Pr\u00f6dl schlecht aussehen. Und bei den zwei weiteren Gegentoren durfte Mertesacker lediglich Slalomstange spielen.<\/p>\n<p>Nat\u00fcrlich boten die Mail\u00e4nder einen f\u00fcr italienische Mannschaften ungewohnt attraktiven Angriffsfu\u00dfball, kein Wunder, spielten sie in der Anfangself ohne Italiener. Aber so unter die R\u00e4der zu kommen ist schon besch\u00e4mend. Sicherlich lief gestern durch die vielen Verletzungen von Stammspielern (neben Pizarro und dem lange schon verletzten Naldo konnten auch Torsten Frings und Clemens Fritz nicht nach Mailand fahren) eine Mannschaft auf, die noch nicht richtig eingespielt ist. Von den drei Neuen (Mikael Silvestre, Wesley und Marko Arnautovic) konnte lediglich der Brasilianer halbwegs \u00fcberzeugen. Der nicht mehr ganz taufrische Silvestre ist auch nicht mehr der Schnellste und durfte \u00f6fter seinem Gegenspieler hinterhergucken. Und bei Arnautovic best\u00e4tigen sich Werders Eigenschaften: ein Spiel mit Licht und Schatten.<\/p>\n<p>Der <a href=\"https:\/\/de.wikipedia.org\/wiki\/UEFA-F%C3%BCnfjahreswertung#UEFA-Klubkoeffizient\" target=\"_blank\">Statistik nach (UEFA-Klubkoeffizient)<\/a> steht der SV Werder Bremen immerhin auf Platz 11 aller europ\u00e4ischer Fu\u00dfballvereine. Aber zur wirklichen Spitze ist der Weg weit \u2013 und wird auch in diesem Jahr lediglich Traum bleiben. <\/p>\n","protected":false},"excerpt":{"rendered":"<p>F\u00fcr Fans des SV Werder Bremen sind das jetzt schwere Wochen. Und ich f\u00fcrchte, dass es eine schwere Saison wird. Was die Fu\u00dfballer von der Weser zz. spielerisch bieten, ist \u201eunter aller Sau\u201c. Die Saison begann f\u00fcr Werder Bremen mit einem Paukenschlag, allerdings einem negativen: Zum Auftakt gab es eine 1:5-Testspiel-Niederlage beim FC Fulham. Und &hellip; <a href=\"https:\/\/willizblog.de\/?p=3436\" class=\"more-link\"><span class=\"screen-reader-text\">Desolat und desastr\u00f6s<\/span> weiterlesen <span class=\"meta-nav\">&rarr;<\/span><\/a><\/p>\n","protected":false},"author":1,"featured_media":0,"comment_status":"open","ping_status":"open","sticky":false,"template":"","format":"standard","meta":[],"categories":[27],"tags":[],"_links":{"self":[{"href":"https:\/\/willizblog.de\/index.php?rest_route=\/wp\/v2\/posts\/3436"}],"collection":[{"href":"https:\/\/willizblog.de\/index.php?rest_route=\/wp\/v2\/posts"}],"about":[{"href":"https:\/\/willizblog.de\/index.php?rest_route=\/wp\/v2\/types\/post"}],"author":[{"embeddable":true,"href":"https:\/\/willizblog.de\/index.php?rest_route=\/wp\/v2\/users\/1"}],"replies":[{"embeddable":true,"href":"https:\/\/willizblog.de\/index.php?rest_route=%2Fwp%2Fv2%2Fcomments&post=3436"}],"version-history":[{"count":0,"href":"https:\/\/willizblog.de\/index.php?rest_route=\/wp\/v2\/posts\/3436\/revisions"}],"wp:attachment":[{"href":"https:\/\/willizblog.de\/index.php?rest_route=%2Fwp%2Fv2%2Fmedia&parent=3436"}],"wp:term":[{"taxonomy":"category","embeddable":true,"href":"https:\/\/willizblog.de\/index.php?rest_route=%2Fwp%2Fv2%2Fcategories&post=3436"},{"taxonomy":"post_tag","embeddable":true,"href":"https:\/\/willizblog.de\/index.php?rest_route=%2Fwp%2Fv2%2Ftags&post=3436"}],"curies":[{"name":"wp","href":"https:\/\/api.w.org\/{rel}","templated":true}]}}