{"id":344,"date":"2006-01-02T13:19:33","date_gmt":"2006-01-02T12:19:33","guid":{"rendered":"http:\/\/www.albinz.de\/blog\/?p=344"},"modified":"2011-02-24T07:43:30","modified_gmt":"2011-02-24T06:43:30","slug":"kollektiver-wahnsinn-beendet","status":"publish","type":"post","link":"https:\/\/willizblog.de\/?p=344","title":{"rendered":"Kollektiver Wahnsinn beendet"},"content":{"rendered":"<p>Die dreiteilige Saison des kollektiven Wahnsinns hat endlich ein Ende gefunden. Nach der Adventszeit, dem 1. Teil des gesellschaftlich ausgetragenen Schwachsinns, dem kollektiven Kaufrausch (&#8222;Geschenke, Geschenke, Geschenke &#8230;&#8220;), und dem Abschluss der kooperativen Besinnlichkeit, auch Weihnachtsfest genannt, wurde mit dem gemeinsamen Bes\u00e4ufnis und der gemeinschaftlich begangenen Ruhest\u00f6rung zur Schlafenszeit (B\u00f6ller, Silvesterraketen) \u00fcber den Jahreswechsel hinaus auch der dritte Teil abgeschlossen.<\/p>\n<p>Es dauert gottlob wieder ein Jahr, bis dieser Ritus der Massenhysterie erneut die Menschen ergreift.<\/p>\n<p>Wenn es nach mir ginge (geht es aber nicht), dann w\u00fcrde ich alle diese Feiertage, ob Ostern, Nationalfeiertage oder Weihnachten und Silvester, vom Kalender tilgen und den Menschen daf\u00fcr eine Woche l\u00e4nger Urlaub zugestehen. Wer dann Weihnachten feiern will, der kann sich dann die passende Gelegenheit dazu suchen. Es muss ja nicht unbedingt im Dezember sein.<\/p>\n","protected":false},"excerpt":{"rendered":"<p>Die dreiteilige Saison des kollektiven Wahnsinns hat endlich ein Ende gefunden. Nach der Adventszeit, dem 1. Teil des gesellschaftlich ausgetragenen Schwachsinns, dem kollektiven Kaufrausch (&#8222;Geschenke, Geschenke, Geschenke &#8230;&#8220;), und dem Abschluss der kooperativen Besinnlichkeit, auch Weihnachtsfest genannt, wurde mit dem gemeinsamen Bes\u00e4ufnis und der gemeinschaftlich begangenen Ruhest\u00f6rung zur Schlafenszeit (B\u00f6ller, Silvesterraketen) \u00fcber den Jahreswechsel hinaus &hellip; <a href=\"https:\/\/willizblog.de\/?p=344\" class=\"more-link\"><span class=\"screen-reader-text\">Kollektiver Wahnsinn beendet<\/span> weiterlesen <span class=\"meta-nav\">&rarr;<\/span><\/a><\/p>\n","protected":false},"author":1,"featured_media":0,"comment_status":"open","ping_status":"closed","sticky":false,"template":"","format":"standard","meta":[],"categories":[32],"tags":[],"_links":{"self":[{"href":"https:\/\/willizblog.de\/index.php?rest_route=\/wp\/v2\/posts\/344"}],"collection":[{"href":"https:\/\/willizblog.de\/index.php?rest_route=\/wp\/v2\/posts"}],"about":[{"href":"https:\/\/willizblog.de\/index.php?rest_route=\/wp\/v2\/types\/post"}],"author":[{"embeddable":true,"href":"https:\/\/willizblog.de\/index.php?rest_route=\/wp\/v2\/users\/1"}],"replies":[{"embeddable":true,"href":"https:\/\/willizblog.de\/index.php?rest_route=%2Fwp%2Fv2%2Fcomments&post=344"}],"version-history":[{"count":0,"href":"https:\/\/willizblog.de\/index.php?rest_route=\/wp\/v2\/posts\/344\/revisions"}],"wp:attachment":[{"href":"https:\/\/willizblog.de\/index.php?rest_route=%2Fwp%2Fv2%2Fmedia&parent=344"}],"wp:term":[{"taxonomy":"category","embeddable":true,"href":"https:\/\/willizblog.de\/index.php?rest_route=%2Fwp%2Fv2%2Fcategories&post=344"},{"taxonomy":"post_tag","embeddable":true,"href":"https:\/\/willizblog.de\/index.php?rest_route=%2Fwp%2Fv2%2Ftags&post=344"}],"curies":[{"name":"wp","href":"https:\/\/api.w.org\/{rel}","templated":true}]}}