{"id":3460,"date":"2010-10-05T10:01:48","date_gmt":"2010-10-05T09:01:48","guid":{"rendered":"http:\/\/www.willizblog.de\/?p=3460"},"modified":"2010-10-05T06:00:07","modified_gmt":"2010-10-05T05:00:07","slug":"fast-unterschlagene-beitrage-%e2%80%93-teil-25","status":"publish","type":"post","link":"https:\/\/willizblog.de\/?p=3460","title":{"rendered":"(Fast) unterschlagene Beitr\u00e4ge \u2013 Teil 25"},"content":{"rendered":"<p><a href=\"http:\/\/blog.zdf.de\/zdfdasblog\/2010\/10\/die-mar-von-der-neuen-qualitat.html\" target=\"_blank\"><strong>Demokratie mit dem Gummikn\u00fcppel?<\/strong><\/a><\/p>\n<p>Das eigentliche Thema hie\u00df mal: <a href=\"http:\/\/www.heute.de\/ZDFheute\/inhalt\/24\/0,3672,8108536,00.html\" target=\"_blank\">neuer Bahnhofsbau in Stuttgart<\/a>. Durch den \u00fcberharten Polizeieinsatz von letzter Woche ist darauf eine Grundsatzdebatte zum Thema Demokratie geworden. Irgendwie erinnert mich das an alte Zeiten, als jeglicher Protest der Stra\u00dfe von der Politik diffamiert wurde.<\/p>\n<p>Schon in den f\u00fcnfziger Jahren entstanden in der Bundesrepublik Bewegungen, die sich gegen umstrittene Entscheidungen von Regierung und Parlament formierten. Der Protest gegen die Atombewaffnung, gegen die Wiederbewaffnung und gegen die Notstandsgesetze waren Massenbewegungen, die nur durch ein breites B\u00fcndnis von Gewerkschaften, Kirchen, Wissenschaftlern und auch ein paar Studenten \u00fcberhaupt m\u00f6glich wurden. Alle Parteien standen diesen Initiativen skeptisch bis ablehnend gegen\u00fcber, die \u201eau\u00dferparlamentarische Opposition&#8220; gab es lange vor 1968.<\/p>\n<p><a href=\"http:\/\/www.zdf.de\/ZDFmediathek\/content\/1154926\" target=\"_blank\"><strong>Verr\u00fcckte Torjubler noch nicht am Ende<\/strong><\/a><\/p>\n<p>In skandinavischen L\u00e4ndern ersinnt man immer wieder Kuriosit\u00e4ten. Ich denke an Finnland und den Gummistiefel- und Handyweitwurf. Manches davon wird wohl in den sehr langen Wintern\u00e4chten kreiert. Aus Island kommt nun eine besondere Art des Torjubels &#8230;<\/p>\n<p><a href=\"http:\/\/kress.de\/spotschau\/spot\/6309-ein-tag-im-jahr-2014.html\" target=\"_blank\"><strong>Ein Tag im Jahr 2014<\/strong><\/a><\/p>\n<p>Wie sehen die Bildschirme der Zukunft aus, wie leben wir mit Ihnen? Die schwedische Softwarefirma TAT hat einen Blick in die Glaskugel geworden. Faszinierend. Oder erschreckt Sie das?<\/p>\n<p><a href=\"http:\/\/www.christophehuet.com\/\" target=\"_blank\"><strong>Christophe Huet, Fotograf?<\/strong><\/a><\/p>\n<p>Fotos? Eine in jeder Hinsicht beeindruckende Sammlung von Bildern findet sich auf der Homepage des in Paris beheimateten Christophe Huet. Die gestalterische Vielfalt der Motive ist beeindruckend. Neben dramatischen Effekten, die sich immer wieder in den Bilder finden lassen, ist es vor allem das Spiel mit Formen, Proportionen und den Naturgesetzen.<\/p>\n<p><a href=\"http:\/\/www.heute.de\/ZDFheute\/inhalt\/6\/0,3672,8108934,00.html\" target=\"_blank\"><strong>Fidel Castro: Zweifel am Lebenswerk<\/strong><\/a><\/p>\n<p>Revolutionsf\u00fchrer Fidel Castro zweifelt an seinem politischen Lebenswerk. Der von ihm erk\u00e4mpfte Sozialismus funktioniere nicht, sagte er im US-Magazin &#8222;The Atlantic&#8220;. Und er nahm bei der Gelegenheit auch eine seiner umstrittensten au\u00dfenpolitischen Positionen mit einer Breitseite gegen den iranischen Pr\u00e4sidenten Mahmud Ahmadinedschad zur\u00fcck. Castro kritisierte Ahmadinedschad f\u00fcr die Leugnung des Holocaust.<\/p>\n<p>Fidel wolle seinem Bruder und Pr\u00e4sidenten Ra\u00fal Castro den Raum f\u00fcr Reformen schaffen, analysierte die Kuba-Expertin Sweig weiter, &#8222;damit dieser die notwendigen Reformen angesichts des sicheren Widerstandes der orthodoxen Kommunisten in Partei und B\u00fcrokratie in die Wege leiten kann.&#8220;<\/p>\n<p><a href=\"http:\/\/www.zdf.de\/ZDFmediathek\/content\/1155312\" target=\"_blank\">Kuba: Eigenst\u00e4ndig im Sozialismus<\/a><\/p>\n<p><a href=\"http:\/\/www.heute.de\/ZDFheute\/inhalt\/13\/0,3672,8117613,00.html\" target=\"_blank\"><strong>Geert Haiditler Wilders vor Gericht<\/strong><\/a><\/p>\n<p>Eine Partei, gef\u00fchrt von einem rechtspopulistischen Politclown, mit einem politischen Programm, das sich lediglich auf eine islamfeindliche Haltung gr\u00fcndet, schafft es, in den bisher als besonders freiheitlich geltenden Niederlanden 1,5 Millionen W\u00e4hler hinter sich zu bringen. Jetzt sieht dieser zum <a href=\"http:\/\/keulenkalle.wordpress.com\/2010\/10\/04\/der-vollpfosten-des-tages-04-10-2010\/\" target=\"_blank\">Vollpfosten des Tages<\/a> gew\u00e4hlte Herr Wilders die Meinungsfreiheit, seine Meinungsfreiheit gef\u00e4hrdet, weil er sich wegen des Vorwurfs der Volksverhetzung vor Gericht zu verantworten hat. Allein seine Fratze zu sehen, bereitet mir \u00dcbelkeit: Erb\u00e4rmlich &#8230;!!!<\/p>\n","protected":false},"excerpt":{"rendered":"<p>Demokratie mit dem Gummikn\u00fcppel? Das eigentliche Thema hie\u00df mal: neuer Bahnhofsbau in Stuttgart. Durch den \u00fcberharten Polizeieinsatz von letzter Woche ist darauf eine Grundsatzdebatte zum Thema Demokratie geworden. Irgendwie erinnert mich das an alte Zeiten, als jeglicher Protest der Stra\u00dfe von der Politik diffamiert wurde. Schon in den f\u00fcnfziger Jahren entstanden in der Bundesrepublik Bewegungen, &hellip; <a href=\"https:\/\/willizblog.de\/?p=3460\" class=\"more-link\"><span class=\"screen-reader-text\">(Fast) unterschlagene Beitr\u00e4ge \u2013 Teil 25<\/span> weiterlesen <span class=\"meta-nav\">&rarr;<\/span><\/a><\/p>\n","protected":false},"author":1,"featured_media":0,"comment_status":"open","ping_status":"open","sticky":false,"template":"","format":"standard","meta":[],"categories":[6,12,4],"tags":[],"_links":{"self":[{"href":"https:\/\/willizblog.de\/index.php?rest_route=\/wp\/v2\/posts\/3460"}],"collection":[{"href":"https:\/\/willizblog.de\/index.php?rest_route=\/wp\/v2\/posts"}],"about":[{"href":"https:\/\/willizblog.de\/index.php?rest_route=\/wp\/v2\/types\/post"}],"author":[{"embeddable":true,"href":"https:\/\/willizblog.de\/index.php?rest_route=\/wp\/v2\/users\/1"}],"replies":[{"embeddable":true,"href":"https:\/\/willizblog.de\/index.php?rest_route=%2Fwp%2Fv2%2Fcomments&post=3460"}],"version-history":[{"count":0,"href":"https:\/\/willizblog.de\/index.php?rest_route=\/wp\/v2\/posts\/3460\/revisions"}],"wp:attachment":[{"href":"https:\/\/willizblog.de\/index.php?rest_route=%2Fwp%2Fv2%2Fmedia&parent=3460"}],"wp:term":[{"taxonomy":"category","embeddable":true,"href":"https:\/\/willizblog.de\/index.php?rest_route=%2Fwp%2Fv2%2Fcategories&post=3460"},{"taxonomy":"post_tag","embeddable":true,"href":"https:\/\/willizblog.de\/index.php?rest_route=%2Fwp%2Fv2%2Ftags&post=3460"}],"curies":[{"name":"wp","href":"https:\/\/api.w.org\/{rel}","templated":true}]}}