{"id":347,"date":"2006-01-06T14:00:12","date_gmt":"2006-01-06T13:00:12","guid":{"rendered":"http:\/\/www.albinz.de\/blog\/?p=347"},"modified":"2007-03-01T12:42:53","modified_gmt":"2007-03-01T10:42:53","slug":"amadeus-der-grosste","status":"publish","type":"post","link":"https:\/\/willizblog.de\/?p=347","title":{"rendered":"Amadeus, der Gr\u00f6\u00dfte"},"content":{"rendered":"<p>Das neue Jahr beginnt gleich mit einem Jahrestag besonderer Art: Am 27. Januar feiern wir den 250. Geburtstag von <a href=\"http:\/\/www.mozart.at\/\" target=\"_blank\">Wolfgang Amadeus Mozart<\/a>. Am 27. Januar 1756 wurde <a href=\"http:\/\/www.deutsche-mozart-gesellschaft.de\/\" target=\"_blank\">Mozart<\/a> als Joannes Chrysostomus Wolfgangus Theophilus (lat. Amadeus) Mozart in Salzburg geboren.<\/p>\n<p>Mozart ist musikalisch ohnegleichen, ein Genie, das h\u00f6chstens mit Einstein vergleichbar ist. Diese ungeheure, schier \u00fcbermenschliche Leichtigkeit beim Komponieren, hingeben dieses rotzige, unerwachsene Nachl\u00e4ssigsein, dies Vom-Teufel-geritten-Werden &#8211; das ist es, was das Wesen des Komponisten Wolfgang Amadeus Mozart ausmacht. <\/p>\n<p>hierzu mehr unter <a href=\"http:\/\/archiv.tagesspiegel.de\/archiv\/31.12.2005\/2260552.asp\" target=\"_blank\">Tagesspiegel<\/a><\/p>\n<ul><img src=\"https:\/\/www.willizblog.de\/albpics\/mozart.jpg\" alt=\"Wolfgang Amadeus Mozart\" \/><\/ul>\n<p>Und genau das wird eindrucksvoll in dem Film <a href=\"http:\/\/www.dieterwunderlich.de\/Forman_Amadeus.htm\" target=\"_blank\">&#8222;Amadeus&#8220; von Milos Forman<\/a> aus dem Jahre 1984 belegt. Der Film geht zwar von der schwer zu belegenden These aus, das der mittelm\u00e4\u00dfige Komponist Salieri Mozart in den Tod getrieben hat, aber das erh\u00f6ht nur den Reiz des Filmes. Mozart, dargestellt durch Tom Hulce, sehen wir sowohl in seiner Besessenheit als auch in seiner Leichtlebigkeit. \u00dcber allem thront die Musik Mozarts, die auch einen Nicht-Klassik-Liebhaber beeindrucken sollte.<\/p>\n<p>Hier nun ein kleiner Ausschnitt aus dem Film:<\/p>\n<p><object ID=\"video1\" CLASSID=\"clsid:CFCDAA03-8BE4-11CF-B84B-0020AFBBCCFA\" HEIGHT=\"240\" WIDTH=\"320\"><param name=\"_ExtentX\" value=\"8467\"><param name=\"_ExtentY\" value=\"6350\"><param name=\"AUTOSTART\" value=\"0\"><param name=\"SHUFFLE\" value=\"0\"><param name=\"PREFETCH\" value=\"0\"><param name=\"NOLABELS\" value=\"0\"><param name=\"SRC\" value=\"https:\/\/www.willizblog.de\/albpics\/mozart.ram\"><param name=\"CONTROLS\" value=\"ImageWindow\"><param name=\"CONSOLE\" value=\"Clip15\"><param name=\"LOOP\" value=\"0\"><param name=\"NUMLOOP\" value=\"0\"><param name=\"CENTER\" value=\"0\"><param name=\"MAINTAINASPECT\" value=\"0\"><param name=\"BACKGROUNDCOLOR\" value=\"#000000\"><embed SRC=\"https:\/\/www.willizblog.de\/albpics\/mozart.rm\" type=\"audio\/x-pn-realaudio-plugin\" CONSOLE=\"Clip15\" CONTROLS=\"ImageWindow\" HEIGHT=\"240\" WIDTH=\"320\" AUTOSTART=\"false\"><\/embed><\/param><\/param><\/param><\/param><\/param><\/param><\/param><\/param><\/param><\/param><\/param><\/param><\/param><\/param><\/object><\/p>\n<p>Video: Amadeus von Milos Forman (1984)<\/p>\n<p><object ID=\"video2\" CLASSID=\"clsid:CFCDAA03-8BE4-11cf-B84B-0020AFBBCCFA\" HEIGHT=\"25\" WIDTH=\"220\"><param name=\"_ExtentX\" value=\"5821\"><param name=\"_ExtentY\" value=\"661\"><param name=\"AUTOSTART\" value=\"0\"><param name=\"SHUFFLE\" value=\"0\"><param name=\"PREFETCH\" value=\"0\"><param name=\"NOLABELS\" value=\"0\"><param name=\"CONTROLS\" value=\"ControlPanel\"><param name=\"CONSOLE\" value=\"Clip15\"><param name=\"LOOP\" value=\"0\"><param name=\"NUMLOOP\" value=\"0\"><param name=\"CENTER\" value=\"0\"><param name=\"MAINTAINASPECT\" value=\"0\"><param name=\"BACKGROUNDCOLOR\" value=\"#000000\"><embed type=\"audio\/x-pn-realaudio-plugin\" CONSOLE=\"Clip15\" CONTROLS=\"ControlPanel\" HEIGHT=\"40\" WIDTH=\"275\" AUTOSTART=\"true\"><\/embed><\/param><\/param><\/param><\/param><\/param><\/param><\/param><\/param><\/param><\/param><\/param><\/param><\/param><\/object><\/p>\n<p><strong>\u00dcbrigens:<\/strong> <a href=\"http:\/\/www.jethrotull.com\/news\/mozart.cfm\" target=\"_blank\">Ian Anderson<\/a> von der Gruppe Jethro Tull wird an dem Festival &#8222;24 Stunden Mozart&#8220; teilnehmen, das wohl am 14. Januar aufgezeichnet und am 27. Januar, zu Mozarts Geburtstag, in einer internationalen Fernseh\u00fcbertragung im Rahmen der Eurovision ausgestrahlt wird. Anderson tritt im Rahmen des Crossover-Konzerts <a href=\"http:\/\/www.24hoursmozart.com\/index.php?id=24,18,0,0,1,0&#038;progid=13&#038;lang=DE\" target=\"_blank\">&#8222;Spirits of Mozart&#8220;<\/a> auf. Pop-, Jazz- und Klassik-Stars vitalisieren die Musik Mozarts auf ungew\u00f6hnliche und \u00fcberraschende Weise. Die \u00dcbertragung soll um 22 Uhr 25 beginnen (und um 0 Uhr 10 enden).<\/p>\n<ul><img src=\"https:\/\/www.willizblog.de\/albpics\/spirits_of_mozart.jpg\" alt=\"Spirits of Mozart: Ian Anderson (Jethro Tull)\" \/><\/ul>\n<p>siehe hierzu: <a href=\"http:\/\/www.24hoursmozart.com\/\" target=\"_blank\">24 Stunden Mozart<\/a><\/p>\n","protected":false},"excerpt":{"rendered":"<p>Das neue Jahr beginnt gleich mit einem Jahrestag besonderer Art: Am 27. Januar feiern wir den 250. Geburtstag von Wolfgang Amadeus Mozart. Am 27. Januar 1756 wurde Mozart als Joannes Chrysostomus Wolfgangus Theophilus (lat. Amadeus) Mozart in Salzburg geboren. Mozart ist musikalisch ohnegleichen, ein Genie, das h\u00f6chstens mit Einstein vergleichbar ist. Diese ungeheure, schier \u00fcbermenschliche &hellip; <a href=\"https:\/\/willizblog.de\/?p=347\" class=\"more-link\"><span class=\"screen-reader-text\">Amadeus, der Gr\u00f6\u00dfte<\/span> weiterlesen <span class=\"meta-nav\">&rarr;<\/span><\/a><\/p>\n","protected":false},"author":1,"featured_media":0,"comment_status":"closed","ping_status":"closed","sticky":false,"template":"","format":"standard","meta":[],"categories":[13,5],"tags":[],"_links":{"self":[{"href":"https:\/\/willizblog.de\/index.php?rest_route=\/wp\/v2\/posts\/347"}],"collection":[{"href":"https:\/\/willizblog.de\/index.php?rest_route=\/wp\/v2\/posts"}],"about":[{"href":"https:\/\/willizblog.de\/index.php?rest_route=\/wp\/v2\/types\/post"}],"author":[{"embeddable":true,"href":"https:\/\/willizblog.de\/index.php?rest_route=\/wp\/v2\/users\/1"}],"replies":[{"embeddable":true,"href":"https:\/\/willizblog.de\/index.php?rest_route=%2Fwp%2Fv2%2Fcomments&post=347"}],"version-history":[{"count":0,"href":"https:\/\/willizblog.de\/index.php?rest_route=\/wp\/v2\/posts\/347\/revisions"}],"wp:attachment":[{"href":"https:\/\/willizblog.de\/index.php?rest_route=%2Fwp%2Fv2%2Fmedia&parent=347"}],"wp:term":[{"taxonomy":"category","embeddable":true,"href":"https:\/\/willizblog.de\/index.php?rest_route=%2Fwp%2Fv2%2Fcategories&post=347"},{"taxonomy":"post_tag","embeddable":true,"href":"https:\/\/willizblog.de\/index.php?rest_route=%2Fwp%2Fv2%2Ftags&post=347"}],"curies":[{"name":"wp","href":"https:\/\/api.w.org\/{rel}","templated":true}]}}