{"id":348,"date":"2006-01-07T10:01:30","date_gmt":"2006-01-07T09:01:30","guid":{"rendered":"http:\/\/www.albinz.de\/blog\/?p=348"},"modified":"2006-01-05T11:03:16","modified_gmt":"2006-01-05T10:03:16","slug":"weiss-du-was","status":"publish","type":"post","link":"https:\/\/willizblog.de\/?p=348","title":{"rendered":"Wei\u00df&#8216; du &#8218;was?!"},"content":{"rendered":"<p>Jan, mein im Jahre 1995 fast f\u00fcnfj\u00e4hriger Sohn, kam oft zu mir mit diesem Spruch. Er wusste nat\u00fcrlich, da\u00df ich vieles wei\u00df. Vielleicht wusste er auch schon, da\u00df ich mehr wei\u00df als er selbst. Wenn er aber dieses &#8222;wei\u00df&#8216; du &#8218;was?&#8220; fragte, dann hie\u00df das, da\u00df er mir etwas erz\u00e4hlen wollte, von dem ich noch nichts wusste. Man konnte es auch so deuten: &#8222;Ich wei\u00df &#8218;was, was du nicht wei\u00dft. Und das erz\u00e4hle ich dir jetzt!&#8220;.<\/p>\n<p>Wissen ist Macht, hat ein schlauer Kopf einmal festgestellt. Man m\u00fcsste das schon etwas genauer betrachten, denn ich denke mir, da\u00df Wissen viel bedeutet, da\u00df man aber mit Wissen nicht automatisch Macht erlangt. Wer machtbesetzen ist und dabei viel wei\u00df, der wird die Macht schneller erlangen, als wenn er ein Dummkopf ist. Aber auch der Dummkopf kann zur Macht kommen. Gerade der viel wei\u00df und nicht nur allein ein mit Wissen aufgebl\u00e4htes Gehirn hat, sondern das Wissen &#8222;im Zusammenhang&#8220; zu betrachten versteht, also ein analytischer und zudem kreativer Kopf &#8211; dieser ist oft an Macht gar nicht interessiert. Ihm gen\u00fcgt sein Wissen.<\/p>\n","protected":false},"excerpt":{"rendered":"<p>Jan, mein im Jahre 1995 fast f\u00fcnfj\u00e4hriger Sohn, kam oft zu mir mit diesem Spruch. Er wusste nat\u00fcrlich, da\u00df ich vieles wei\u00df. Vielleicht wusste er auch schon, da\u00df ich mehr wei\u00df als er selbst. Wenn er aber dieses &#8222;wei\u00df&#8216; du &#8218;was?&#8220; fragte, dann hie\u00df das, da\u00df er mir etwas erz\u00e4hlen wollte, von dem ich noch &hellip; <a href=\"https:\/\/willizblog.de\/?p=348\" class=\"more-link\"><span class=\"screen-reader-text\">Wei\u00df&#8216; du &#8218;was?!<\/span> weiterlesen <span class=\"meta-nav\">&rarr;<\/span><\/a><\/p>\n","protected":false},"author":1,"featured_media":0,"comment_status":"closed","ping_status":"closed","sticky":false,"template":"","format":"standard","meta":[],"categories":[15],"tags":[],"_links":{"self":[{"href":"https:\/\/willizblog.de\/index.php?rest_route=\/wp\/v2\/posts\/348"}],"collection":[{"href":"https:\/\/willizblog.de\/index.php?rest_route=\/wp\/v2\/posts"}],"about":[{"href":"https:\/\/willizblog.de\/index.php?rest_route=\/wp\/v2\/types\/post"}],"author":[{"embeddable":true,"href":"https:\/\/willizblog.de\/index.php?rest_route=\/wp\/v2\/users\/1"}],"replies":[{"embeddable":true,"href":"https:\/\/willizblog.de\/index.php?rest_route=%2Fwp%2Fv2%2Fcomments&post=348"}],"version-history":[{"count":0,"href":"https:\/\/willizblog.de\/index.php?rest_route=\/wp\/v2\/posts\/348\/revisions"}],"wp:attachment":[{"href":"https:\/\/willizblog.de\/index.php?rest_route=%2Fwp%2Fv2%2Fmedia&parent=348"}],"wp:term":[{"taxonomy":"category","embeddable":true,"href":"https:\/\/willizblog.de\/index.php?rest_route=%2Fwp%2Fv2%2Fcategories&post=348"},{"taxonomy":"post_tag","embeddable":true,"href":"https:\/\/willizblog.de\/index.php?rest_route=%2Fwp%2Fv2%2Ftags&post=348"}],"curies":[{"name":"wp","href":"https:\/\/api.w.org\/{rel}","templated":true}]}}