{"id":3486,"date":"2010-10-10T15:55:15","date_gmt":"2010-10-10T14:55:15","guid":{"rendered":"http:\/\/www.willizblog.de\/?p=3486"},"modified":"2010-10-10T15:55:15","modified_gmt":"2010-10-10T14:55:15","slug":"wenn-die-kinder-erwachsen-werden","status":"publish","type":"post","link":"https:\/\/willizblog.de\/?p=3486","title":{"rendered":"Wenn die Kinder erwachsen werden"},"content":{"rendered":"<p>Heute ist ein ganz besonderer Tag. Nein, nicht weil der 10.10.10 ist, auch das, aber weil der \u00e4ltere unserer beiden S\u00f6hne heute \u201aausgezogen\u2019 ist. Man sagt: Kleine Kinder, kleine Sorgen \u2013 gro\u00dfe Kinder, gro\u00dfe Sorgen! Das kann ich und kann sicherlich auch meine Frau so nicht sagen. \u00dcber unsere beiden S\u00f6hne k\u00f6nnen wir nicht meckern. Nat\u00fcrlich gibt es gelegentlich Auseinandersetzungen, aber insgesamt kommen wir bestens miteinander aus. Beide sind \u201ain unserem Sinne\u2019 voll und ganz okay.<\/p>\n<p>Heute ist nun unser \u00c4ltester also aus seinem elterlichen Heim ausgezogen. Er beginnt morgen eine Ausbildung in G\u00f6ttingen und kann nat\u00fcrlich nicht jeden Tag zwischen G\u00f6ttingen und Tostedt pendeln. Zun\u00e4chst wohnt er bei einer Bekannten, die in G\u00f6ttingen studiert. Und eine Ein-Zimmer-Wohnung hat er in Aussicht. Am Dienstag kl\u00e4rt das sich endg\u00fcltig (Mietvertrag unterzeichnen usw.):<\/p>\n<p>Dass dieser Tag einmal kommen wird, war meiner Frau und mir klar. Und auch das unser Sohn jetzt nach G\u00f6ttingen geht. Aber erst als wir zum Bahnhof gingen, wir alle vier, um ihn in den Zug zu setzen, da wurde wohl uns allen bewusst, dass das heute ein Tag ist, der f\u00fcr uns alle einen neuen Lebensabschnitt einl\u00e4utet.<\/p>\n<p>Am n\u00e4chsten Wochenende wird er wieder nach Hause kommen. \u201aNach Hause\u2019. Zu seinem \u201aelterlichen Zuhause\u2019. Denn seine Wohnung ist woanders, sein Leben wird er nun gr\u00f6\u00dftenteils in einer anderen Stadt verbringen.<\/p>\n<p>Nat\u00fcrlich bleibt sein Zimmer f\u00fcr ihn weiterhin da. Viele Sachen hat er noch bei uns. Und vielleicht kommt er eines Tages auch zur\u00fcck, um z.B. bei uns in der N\u00e4he zu studieren. Aber die n\u00e4chsten Wochen, nein, Monate, vielleicht Jahre wird er nicht mehr da sein, wir werden ihn vielleicht mehrere Wochen hintereinander nicht mehr sehen und h\u00f6ren.<\/p>\n<p>Nicht, dass meine Frau und ich ihn nicht loslassen k\u00f6nnen. Ganz im Gegenteil. Er war schon fr\u00fch sehr selbst\u00e4ndig und hatte keine Scheu, in die Welt zu ziehen, auch wenn die Welt in seinen jungen Jahren noch klein geraten war. So lassen wir ihn mit gutem Gewissen gehen. Aber es ist eben doch \u201akomisch\u2019 f\u00fcr uns Zur\u00fcckgebliebenen. So einfach von heute auf morgen.<\/p>\n<p>Er wird seinen Weg gehen, den er selbst gew\u00e4hlt hat. Wir werden f\u00fcr ihn da sein, wenn es notwendig sein sollte. Auch seinem Bruder wird er fehlen, der jetzt wochentags keinen mehr hat, den er \u00e4rgern kann.<\/p>\n<p>Ja, es ist heute f\u00fcr uns ein ganz besonderer Tag.<\/p>\n","protected":false},"excerpt":{"rendered":"<p>Heute ist ein ganz besonderer Tag. Nein, nicht weil der 10.10.10 ist, auch das, aber weil der \u00e4ltere unserer beiden S\u00f6hne heute \u201aausgezogen\u2019 ist. Man sagt: Kleine Kinder, kleine Sorgen \u2013 gro\u00dfe Kinder, gro\u00dfe Sorgen! Das kann ich und kann sicherlich auch meine Frau so nicht sagen. \u00dcber unsere beiden S\u00f6hne k\u00f6nnen wir nicht meckern. &hellip; <a href=\"https:\/\/willizblog.de\/?p=3486\" class=\"more-link\"><span class=\"screen-reader-text\">Wenn die Kinder erwachsen werden<\/span> weiterlesen <span class=\"meta-nav\">&rarr;<\/span><\/a><\/p>\n","protected":false},"author":1,"featured_media":0,"comment_status":"open","ping_status":"open","sticky":false,"template":"","format":"standard","meta":[],"categories":[66],"tags":[],"_links":{"self":[{"href":"https:\/\/willizblog.de\/index.php?rest_route=\/wp\/v2\/posts\/3486"}],"collection":[{"href":"https:\/\/willizblog.de\/index.php?rest_route=\/wp\/v2\/posts"}],"about":[{"href":"https:\/\/willizblog.de\/index.php?rest_route=\/wp\/v2\/types\/post"}],"author":[{"embeddable":true,"href":"https:\/\/willizblog.de\/index.php?rest_route=\/wp\/v2\/users\/1"}],"replies":[{"embeddable":true,"href":"https:\/\/willizblog.de\/index.php?rest_route=%2Fwp%2Fv2%2Fcomments&post=3486"}],"version-history":[{"count":0,"href":"https:\/\/willizblog.de\/index.php?rest_route=\/wp\/v2\/posts\/3486\/revisions"}],"wp:attachment":[{"href":"https:\/\/willizblog.de\/index.php?rest_route=%2Fwp%2Fv2%2Fmedia&parent=3486"}],"wp:term":[{"taxonomy":"category","embeddable":true,"href":"https:\/\/willizblog.de\/index.php?rest_route=%2Fwp%2Fv2%2Fcategories&post=3486"},{"taxonomy":"post_tag","embeddable":true,"href":"https:\/\/willizblog.de\/index.php?rest_route=%2Fwp%2Fv2%2Ftags&post=3486"}],"curies":[{"name":"wp","href":"https:\/\/api.w.org\/{rel}","templated":true}]}}