{"id":3488,"date":"2010-10-11T10:01:59","date_gmt":"2010-10-11T09:01:59","guid":{"rendered":"http:\/\/www.willizblog.de\/?p=3488"},"modified":"2010-10-11T08:47:10","modified_gmt":"2010-10-11T07:47:10","slug":"ausgepfiffen-und-gefeiert","status":"publish","type":"post","link":"https:\/\/willizblog.de\/?p=3488","title":{"rendered":"Ausgepfiffen und gefeiert"},"content":{"rendered":"<p>F\u00fcr <a href=\"https:\/\/de.wikipedia.org\/wiki\/Mesut_%C3%96zil\" target=\"_blank\">Mesut \u00d6zil<\/a> war das Qualifikationsspiel zur Europameisterschaft 2012 gegen die T\u00fcrkei am Freitagabend in Berlin sicherlich ein denkw\u00fcrdiges Spiel. Gegen das Land seiner V\u00e4ter wurde er von den t\u00fcrkischen Zuschauern ausgepfiffen, sobald er am Ball war. Als er aber besonders in der zweiten Halbzeit ein sehr gutes Spiel ablieferte und auch noch ein Tor f\u00fcr die deutsche Mannschaft schoss, feierten ihn auch die t\u00fcrkischen Fu\u00dfballfans und klatschten den verdienten Beifall.<\/p>\n<p>Mesut \u00d6zil, Nachkomme t\u00fcrkischer Gastarbeiter und in Gelsenkirchen geboren, hatte 2007 seinen t\u00fcrkischen Pass zur\u00fcckgegeben und sich f\u00fcr die deutsche Nationalmannschaft entschieden. Das wird ihm von vielen T\u00fcrken bis zum heutigen Tag krumm genommen. Daher auch die Pfeifkonzerte gegen ihn. Insgeheim sind sie aber \u00fcber diesen au\u00dferordentlichen Fu\u00dfballspieler doch stolz, zumal er den Wechsel zu einen der ganz gro\u00dfen Fu\u00dfballvereine, Real Madrid, geschafft hat.<\/p>\n<p>Der <a href=\"http:\/\/www.dfb.de\/\" target=\"_blank\">deutsche Fu\u00dfballbund (DFB)<\/a> feiert <a href=\"https:\/\/www.willizblog.de\/?p=1446\" target=\"_blank\">Mesut \u00d6zil als gelungenes Beispiel f\u00fcr die Integration<\/a> t\u00fcrkisch-st\u00e4mmiger Migranten. Allerdings muss gesehen werden, dass sich viele in Deutschland geborene T\u00fcrken f\u00fcr die T\u00fcrkei entschieden haben, nicht f\u00fcr Deutschland. Und so sieht u.a. der ebenfalls in Gelsenkirchen geborene <a href=\"https:\/\/de.wikipedia.org\/wiki\/Hamit_Alt%C4%B1ntop\" target=\"_blank\">Hamit Altintop<\/a>, Spieler des FC Bayern und Spieler der t\u00fcrkischen Nationalmannschaft, die Entscheidung der Spieler mit <a href=\"https:\/\/de.wikipedia.org\/wiki\/Migration_(Soziologie)\" target=\"_blank\">Migrationshintergrund<\/a> pro Deutschland nicht so sehr als Herzensangelegenheit, sondern mehr als Business. <a href=\"http:\/\/fussball.zdf.de\/ZDFsport\/inhalt\/9\/0,5676,8118057,00.html\" target=\"_blank\">\u201eDas hat auch nichts mit Integration zu tun.\u201c<br \/>\n<\/a><\/p>\n<p>Zum Beispiel \u00d6zil erkl\u00e4rt Altintop: \u201eH\u00e4tte er sich f\u00fcr die T\u00fcrkei entschieden, h\u00e4tte er keine WM gespielt und w\u00e4re nicht bei Real Madrid.\u201c \u2013 Zun\u00e4chst ist das nicht von der Hand zu weisen. Altintop f\u00fchlt sich weiterhin als T\u00fcrke, auch wenn er in Deutschland geboren ist. So geht es vielen. Das gilt besonders aber f\u00fcr die, die sich durch die deutsche Gesellschaft abgelehnt f\u00fchlen, die keinen Schulabschluss schaffen \u2013 und die Deutschland immer noch als eine Art Provisorium ansehen.<\/p>\n<p>\u00d6zil hat aufgrund seiner au\u00dferordentlichen Begabung sein Gl\u00fcck in Deutschland gefunden. Sicherlich schlagen zwei Herzen in seiner Brust. Wer wie er in einem von t\u00fcrkischen Traditionen gepr\u00e4gten Umfeld aufgewachsen ist, kann nicht von heute auf morgen seine Herkunft verleugnen. Das will und soll er auch nicht. Und wenn er sich f\u00fcr Deutschland entschieden hat, so haben sicherlich auch finanzielle Gr\u00fcnde dabei eine Rolle gespielt. <\/p>\n<p>Mesut \u00d6zil als Integrationsfigur zu feiern, ist zu hoch gegriffen. Das gilt auch f\u00fcr all die anderen deutschen Nationalspieler, die von Einwanderern oder Sp\u00e4taussiedlern abstammen. Wahre Integration ist auf niedriger Ebene anzusiedeln. An der \u201aBasis\u2019 muss etwas getan werden, um Integration zu f\u00f6rdern. Das gilt beim Sport auf Vereinsebene im Breitensport (<a href=\"http:\/\/fussball.zdf.de\/ZDFsport\/inhalt\/10\/0,5676,8117514,00.html\" target=\"_blank\">Beispiel BV Altenessen 06<\/a> oder aus meiner Nachbarschaft beim <a href=\"http:\/\/www.todtgluesinger-sv.de\/index.php?sub=integration\" target=\"_blank\">Todtgl\u00fcsinger SV<\/a>), besonders aber vor Ort im Stadtteil oder Dorf. Junge Menschen wie Mesut \u00d6zil k\u00f6nnen dabei nat\u00fcrlich als Beispiel, als eine Art Leitfigur dienen. Mehr aber auch nicht.<\/p>\n<p>Was f\u00fcr deutsche Jugendliche gilt, die keine Arbeit finden und sich von rechten Rattenf\u00e4ngern einfangen lassen, gilt f\u00fcr junge T\u00fcrken und junge Araber erst recht: wenn sie in Deutschland keine Perspektiven sehen, werden sie sich kaum integrieren lassen. Das kann sogar zu einer Deutschenfeindlichkeit f\u00fchren, zu einem Rassismus andersherum!<\/p>\n<p>Statt \u201aschlaue\u2019 B\u00fccher zu schreiben (Sarrazin) oder \u201aschlaue\u2019 Reden zu halten (Seehofer), muss von allen Seiten etwas getan werden. Man macht es sich reichlich leicht, wenn man Integration nur \u201afordern\u2019. Man sollte vor allem nicht das Unm\u00f6gliche fordern. Es macht keinen Sinn, \u00e4ltere Menschen, die mit ihren Traditionen stark verwurzelt sind, zu \u201abrave Deutsche\u2019 umerziehen zu wollen. Integration braucht seine Zeit \u2013 \u00fcber Generationen hinaus. Die F\u00f6rderung dazu, lang genug verschlampt oder nur halbherzig betrieben, muss aber endlich heute angesetzt werden.<\/p>\n","protected":false},"excerpt":{"rendered":"<p>F\u00fcr Mesut \u00d6zil war das Qualifikationsspiel zur Europameisterschaft 2012 gegen die T\u00fcrkei am Freitagabend in Berlin sicherlich ein denkw\u00fcrdiges Spiel. Gegen das Land seiner V\u00e4ter wurde er von den t\u00fcrkischen Zuschauern ausgepfiffen, sobald er am Ball war. Als er aber besonders in der zweiten Halbzeit ein sehr gutes Spiel ablieferte und auch noch ein Tor &hellip; <a href=\"https:\/\/willizblog.de\/?p=3488\" class=\"more-link\"><span class=\"screen-reader-text\">Ausgepfiffen und gefeiert<\/span> weiterlesen <span class=\"meta-nav\">&rarr;<\/span><\/a><\/p>\n","protected":false},"author":1,"featured_media":0,"comment_status":"open","ping_status":"open","sticky":false,"template":"","format":"standard","meta":[],"categories":[4,2],"tags":[],"_links":{"self":[{"href":"https:\/\/willizblog.de\/index.php?rest_route=\/wp\/v2\/posts\/3488"}],"collection":[{"href":"https:\/\/willizblog.de\/index.php?rest_route=\/wp\/v2\/posts"}],"about":[{"href":"https:\/\/willizblog.de\/index.php?rest_route=\/wp\/v2\/types\/post"}],"author":[{"embeddable":true,"href":"https:\/\/willizblog.de\/index.php?rest_route=\/wp\/v2\/users\/1"}],"replies":[{"embeddable":true,"href":"https:\/\/willizblog.de\/index.php?rest_route=%2Fwp%2Fv2%2Fcomments&post=3488"}],"version-history":[{"count":0,"href":"https:\/\/willizblog.de\/index.php?rest_route=\/wp\/v2\/posts\/3488\/revisions"}],"wp:attachment":[{"href":"https:\/\/willizblog.de\/index.php?rest_route=%2Fwp%2Fv2%2Fmedia&parent=3488"}],"wp:term":[{"taxonomy":"category","embeddable":true,"href":"https:\/\/willizblog.de\/index.php?rest_route=%2Fwp%2Fv2%2Fcategories&post=3488"},{"taxonomy":"post_tag","embeddable":true,"href":"https:\/\/willizblog.de\/index.php?rest_route=%2Fwp%2Fv2%2Ftags&post=3488"}],"curies":[{"name":"wp","href":"https:\/\/api.w.org\/{rel}","templated":true}]}}